{"id":219298,"date":"2023-11-14T01:47:20","date_gmt":"2023-11-14T04:47:20","guid":{"rendered":"https:\/\/diarioregionaldigital.com.br\/?p=219298"},"modified":"2023-11-14T01:47:20","modified_gmt":"2023-11-14T04:47:20","slug":"governo-de-minas-intensifica-estrategias-de-combate-as-arboviroses-no-estado","status":"publish","type":"post","link":"https:\/\/diarioregionaldigital.com.br\/?p=219298","title":{"rendered":"Governo de Minas intensifica estrat\u00e9gias de combate \u00e0s arboviroses no estado"},"content":{"rendered":"<p>O\u00a0<a href=\"https:\/\/www.mg.gov.br\/\" target=\"_blank\" rel=\"noopener\">Governo de Minas<\/a>\u00a0trabalha de forma cont\u00ednua, durante todo o ano, para monitorar e controlar a infesta\u00e7\u00e3o do mosquito\u00a0<i>Aedes aegypti e<\/i>\u00a0para impedir o avan\u00e7o da dengue, zika, chikungunya<i>\u00a0<\/i>e febre amarela<i>.\u00a0<\/i>Nos meses mais quentes, em que h\u00e1 maior incid\u00eancia da transmiss\u00e3o das doen\u00e7as, as a\u00e7\u00f5es e os cuidados estaduais s\u00e3o intensificadas.<\/p>\n<p><main class=\"clear margin-md-bottom-3\"><\/p>\n<div class=\"clear \">\n<p>Nesta segunda-feira (13\/11), o secret\u00e1rio de Estado de\u00a0<a href=\"https:\/\/www.saude.mg.gov.br\/\" target=\"_blank\" rel=\"noopener\">Sa\u00fade<\/a>, F\u00e1bio Baccheretti, anunciou a cria\u00e7\u00e3o da Pol\u00edtica Estadual para Vigil\u00e2ncia, Preven\u00e7\u00e3o e Controle das Arboviroses. Aprovada por meio da Delibera\u00e7\u00e3o CIB-SUS\/MG N\u00ba 4.415, de 18 de outubro de 2023, a pol\u00edtica se configura como um conjunto de a\u00e7\u00f5es com a finalidade de prevenir e controlar a ocorr\u00eancia dessas endemias na popula\u00e7\u00e3o e garantir o acesso a servi\u00e7os de sa\u00fade, de forma oportuna, resolutiva, equ\u00e2nime, integral e humanizada, no \u00e2mbito do Sistema \u00danico de Sa\u00fade em Minas Gerais (SUS-MG).<\/p>\n<p>\u201cPara que o estado consiga vencer de uma vez por todas a dengue, a zika, a chikungunya<i>\u00a0<\/i>e a febre amarela, \u00e9 preciso novas estrat\u00e9gias e inova\u00e7\u00e3o. E \u00e9 isso que estamos fazendo em Minas Gerais. Adotamos um conjunto de a\u00e7\u00f5es e vamos enfrentar o problema em v\u00e1rias frentes. Isso vai certamente mudar a vida dos mineiros\u201d, avalia F\u00e1bio Baccheretti.<\/p>\n<p>O an\u00fancio foi feito durante visita feita \u00e0s obras da biof\u00e1brica para produ\u00e7\u00e3o do mosquito\u00a0<i>Aedes aegypti<\/i>\u00a0com\u00a0<i>Wolbachia<\/i>, em Belo Horizonte, que contou tamb\u00e9m com representantes do Comit\u00ea Pr\u00f3-Brumadinho, do\u00a0<i>World Mosquito Program<\/i>\u00a0(WMP) e da Vale S.A. A inaugura\u00e7\u00e3o est\u00e1 prevista para o primeiro semestre de 2024.<\/p>\n<p>\u201cA nova tecnologia \u00e9 uma estrat\u00e9gia fundamental para vencer de uma vez por todas as doen\u00e7as causadas pelo\u00a0<i>Aedes aegypti<\/i>. H\u00e1 uma expectativa de que no come\u00e7o do pr\u00f3ximo ano j\u00e1 esteja funcionando e conseguiremos uma nova arma contra as doen\u00e7as\u201d, destaca o secret\u00e1rio.<\/p>\n<p><b>Biof\u00e1brica Wolbachia<\/b><\/p>\n<p>O M\u00e9todo\u00a0<i>Wolbachia<\/i>\u00a0\u00e9 patenteado pelo\u00a0<i>World Mosquito Program<\/i>, iniciativa internacional sem fins lucrativos que trabalha para proteger a comunidade global das doen\u00e7as transmitidas por mosquitos. Conduzido no Brasil pela Funda\u00e7\u00e3o Oswaldo Cruz (Fiocruz), com financiamento do Minist\u00e9rio da Sa\u00fade, o m\u00e9todo consiste na libera\u00e7\u00e3o de mosquitos\u00a0<i>Aedes aegypti<\/i>\u00a0com a bact\u00e9ria\u00a0<i>Wolbachia<\/i>, que impede que os v\u00edrus da dengue, zika e chikungunya se desenvolvam no mosquito, contribuindo para a redu\u00e7\u00e3o da transmiss\u00e3o de arboviroses.<\/p>\n<p>Com a biof\u00e1brica em funcionamento, estima-se a produ\u00e7\u00e3o semanal de dois milh\u00f5es de mosquitos que, uma vez inseridos no meio ambiente, v\u00e3o se reproduzir com os\u00a0<i>Aedes aegypti<\/i>\u00a0locais e estabelecer uma popula\u00e7\u00e3o com\u00a0<i>Wolbachia<\/i>. Os insetos n\u00e3o s\u00e3o geneticamente modificados e n\u00e3o transmitem doen\u00e7as.<\/p>\n<p>Dados divulgados em 2021 pelo WMP apontam redu\u00e7\u00e3o de cerca de 70% dos casos de dengue, 60% de chikungunya e 40% de zika nas \u00e1reas onde houve a interven\u00e7\u00e3o entomol\u00f3gica no munic\u00edpio de Niter\u00f3i (RJ). Na Indon\u00e9sia, dados do WMP apontam redu\u00e7\u00e3o de 77% dos casos e 86% das hospitaliza\u00e7\u00f5es.<\/p>\n<p>De acordo com Alessandro Vieira, l\u00edder de Comunica\u00e7\u00e3o da\u00a0<i>World Mosquito Program,\u00a0<\/i>a principal vantagem do m\u00e9todo \u00e9 impedir a transmiss\u00e3o do v\u00edrus, evitando o adoecimento das pessoas. Al\u00e9m disso, sua efic\u00e1cia permite economia de recursos. \u201cO projeto diminui os gastos p\u00fablicos com a sa\u00fade, porque promove a preven\u00e7\u00e3o ao inv\u00e9s de tratar as doen\u00e7as\u201d, afirma.<\/p>\n<p>As obras da biof\u00e1brica est\u00e3o sendo executadas pela Vale S.A, como parte do Acordo Judicial, assinado pelo Governo de Minas, o Minist\u00e9rio P\u00fablico de Minas Gerais, o Minist\u00e9rio P\u00fablico Federal, a Defensoria P\u00fablica de Minas Gerais e a mineradora, que visa reparar os danos decorrentes do rompimento das barragens em Brumadinho. A empresa tem a responsabilidade de construir, equipar e mobiliar a unidade, al\u00e9m de custear seu funcionamento por cinco anos, contados a partir da licen\u00e7a de opera\u00e7\u00e3o, com investimento total de cerca de R$77 milh\u00f5es. Al\u00e9m disso, cabe \u00e0 Vale S.A pagar as despesas de seguran\u00e7a e de conserva\u00e7\u00e3o do local, no per\u00edodo entre a conclus\u00e3o da obra e o in\u00edcio da opera\u00e7\u00e3o.<\/p>\n<p>De acordo com o termo de compromisso firmado entre as partes, os mosquitos\u00a0<i>Aedes aegypti<\/i>\u00a0com a bact\u00e9ria\u00a0<i>Wolbachia pipientis<\/i>\u00a0produzidos na biof\u00e1brica ser\u00e3o destinados aos 22 munic\u00edpios da Bacia do Rio Paraopeba. A expectativa da SES-MG \u00e9 que ocorra a expans\u00e3o da produ\u00e7\u00e3o de mosquitos para todo territ\u00f3rio estadual.<\/p>\n<p><b>Atua\u00e7\u00e3o SES<\/b><\/p>\n<p>Entre as a\u00e7\u00f5es da SES-MG tamb\u00e9m est\u00e1 o Plano Estadual de Conting\u00eancia para Enfrentamento das Arboviroses (PEC-Arbo) com foco em dengue, chikungunya, zika e febre amarela, para o per\u00edodo de dezembro de 2023 a novembro de 2025, aprovado pela Delibera\u00e7\u00e3o CIB-SUS\/MG N\u00ba 4.414, de 18 de outubro de 2023.<\/p>\n<p>Est\u00e1 previsto ainda, de acordo com a Resolu\u00e7\u00e3o SES\/MG N\u00ba 9.035, de 26 de setembro de 2023, o investimento de R$30,5 milh\u00f5es anuais, sendo R$ 15,6 milh\u00f5es repassados \u00e0s prefeituras e R$ 14,9 milh\u00f5es aos cons\u00f3rcios municipais de sa\u00fade para a aquisi\u00e7\u00e3o de drones que v\u00e3o auxiliar no combate \u00e0 prolifera\u00e7\u00e3o do\u00a0<i>Aedes aegypti<\/i>\u00a0no estado.<\/p>\n<p>\u201cCom os drones, os t\u00e9cnicos poder\u00e3o ver onde tem locais com \u00e1gua parada e, assim, jogar larvicida ou avisar as autoridades sobre locais de risco para o mosquito. Os 853 munic\u00edpios ter\u00e3o acesso a esse servi\u00e7o\u201d, salienta F\u00e1bio Baccheretti.<\/p>\n<p>O subsecret\u00e1rio de Vigil\u00e2ncia em Sa\u00fade da SES-MG,\u00a0Eduardo Campos Prosdocimi, destaca que a Secretaria est\u00e1 se preparando para enfrentar o pr\u00f3ximo per\u00edodo sazonal das arboviroses com a\u00e7\u00f5es efetivas e inovadoras, que possuem enorme potencial para atingir bons resultados no combate \u00e0s arboviroses. \u201cAs a\u00e7\u00f5es ser\u00e3o capazes de mobilizar a atua\u00e7\u00e3o mais efetiva das regionais de sa\u00fade. Temos uma nova pol\u00edtica e um novo plano de conting\u00eancia, muito mais gerencial e eficaz, para que os munic\u00edpios consigam realizar a\u00e7\u00f5es locais. O uso inovador de drones e a inaugura\u00e7\u00e3o da biof\u00e1brica da\u00a0<i>Wolbachia<\/i>, intensificam ainda mais os cuidados e v\u00e3o impedir a prolifera\u00e7\u00e3o do mosquito transmissor\u201d, ressalta.<\/p>\n<p>Dentre as a\u00e7\u00f5es cont\u00ednuas da Secretaria de Estado de Sa\u00fade, destacam-se tamb\u00e9m o monitoramento semanal de casos, a elabora\u00e7\u00e3o de boletim epidemiol\u00f3gico e o planejamento de solicita\u00e7\u00e3o de inseticida, junto ao Minist\u00e9rio da Sa\u00fade, para o envio aos munic\u00edpios, al\u00e9m de reuni\u00f5es peri\u00f3dicas com as Unidades Regionais de Sa\u00fade para discutir e orientar sobre as medidas de preven\u00e7\u00e3o e controle das arboviroses.<\/p>\n<p><b>Cen\u00e1rio das arboviroses em Minas Gerais<\/b><\/p>\n<p>At\u00e9 6\/11\/2023, foram registrados 388.510 casos prov\u00e1veis (casos notificados exceto os descartados) de dengue no estado. Desse total, 288.522 casos foram confirmados e 181 \u00f3bitos constatados.<\/p>\n<p>Em rela\u00e7\u00e3o \u00e0 febre chikungunya, foram registrados 89.774 casos prov\u00e1veis da doen\u00e7a e, desse total, 71.756 casos foram confirmados, sendo 41 \u00f3bitos.<\/p>\n<p>J\u00e1 em rela\u00e7\u00e3o \u00e0 zika, foram registrados 136 casos prov\u00e1veis, 28 confirmados e nenhum \u00f3bito.<\/p>\n<p>Os dados est\u00e3o dispon\u00edveis no\u00a0<a href=\"https:\/\/www.saude.mg.gov.br\/aedes\/painel\" target=\"_blank\" rel=\"noopener noreferrer\" data-auth=\"NotApplicable\" data-linkindex=\"3\">Painel de Monitoramento de Casos de Arboviroses<\/a>. Nele, o usu\u00e1rio realiza buscas por tipo de doen\u00e7a, per\u00edodo, semana epidemiol\u00f3gica, macrorregi\u00e3o, microrregi\u00e3o, regional de sa\u00fade e munic\u00edpio. Os dados t\u00eam como fonte o Sistema de Informa\u00e7\u00e3o de Agravos de Notifica\u00e7\u00e3o (Sinan) e s\u00e3o atualizados semanalmente.<\/p>\n<p>A SES-MG divulgou, no dia 7\/11, os resultados do terceiro\u00a0<a href=\"https:\/\/www.saude.mg.gov.br\/images\/1_noticias\/06_2023\/1-out-nov-dez\/07-11-consolidado%203%C2%BA%20ciclo%20lLRAa%202023.xlsx\" target=\"_blank\" rel=\"noopener noreferrer\" data-auth=\"NotApplicable\" data-linkindex=\"4\">Levantamento R\u00e1pido de \u00cdndices para Aedes aegypti (LirAa\/LIA)<\/a>, que apresenta a classifica\u00e7\u00e3o de risco para transmiss\u00e3o das arboviroses causadas pelo mosquito nos munic\u00edpios mineiros, direcionando as a\u00e7\u00f5es do programa de controle das doen\u00e7as para as \u00e1reas mais cr\u00edticas e melhorando o aproveitamento de recursos humanos e materiais.<\/p>\n<p>De acordo com os dados enviados por 798 munic\u00edpios mineiros, entre 7 e 25\/8, 648 deles apresentaram o \u00cdndice de Infesta\u00e7\u00e3o Predial pelo\u00a0<i>Aedes aegypti<\/i>\u00a0(IIP) igual ou menor que 0,9 e, por isso, receberam a classifica\u00e7\u00e3o satisfat\u00f3ria, indicando situa\u00e7\u00e3o de baixo risco de transmiss\u00e3o de arboviroses. H\u00e1 144 munic\u00edpios em situa\u00e7\u00e3o de alerta e seis permanecem em situa\u00e7\u00e3o de risco, com IIP maior que 4,0.<\/p>\n<p><span style=\"font-weight: 400;\">Fonte: Ag\u00eancia Minas<\/span><\/p>\n<\/div>\n<p><\/main><\/p>\n","protected":false},"excerpt":{"rendered":"<p>O\u00a0Governo de Minas\u00a0trabalha de forma cont\u00ednua, durante todo o ano, para monitorar e controlar a infesta\u00e7\u00e3o do mosquito\u00a0Aedes aegypti e\u00a0para impedir o avan\u00e7o da dengue, zika, chikungunya\u00a0e febre amarela.\u00a0Nos meses mais quentes, em que h\u00e1 maior incid\u00eancia da transmiss\u00e3o das doen\u00e7as, as a\u00e7\u00f5es e os cuidados estaduais s\u00e3o intensificadas. Nesta segunda-feira (13\/11), o secret\u00e1rio de [&hellip;]<\/p>\n","protected":false},"author":246,"featured_media":219299,"comment_status":"closed","ping_status":"closed","sticky":false,"template":"","format":"standard","meta":{"footnotes":""},"categories":[436,440,254,439],"tags":[],"class_list":["post-219298","post","type-post","status-publish","format-standard","has-post-thumbnail","hentry","category-destaque-da-semana","category-destaques-do-dia","category-politica","category-ultima-hora"],"_links":{"self":[{"href":"https:\/\/diarioregionaldigital.com.br\/index.php?rest_route=\/wp\/v2\/posts\/219298","targetHints":{"allow":["GET"]}}],"collection":[{"href":"https:\/\/diarioregionaldigital.com.br\/index.php?rest_route=\/wp\/v2\/posts"}],"about":[{"href":"https:\/\/diarioregionaldigital.com.br\/index.php?rest_route=\/wp\/v2\/types\/post"}],"author":[{"embeddable":true,"href":"https:\/\/diarioregionaldigital.com.br\/index.php?rest_route=\/wp\/v2\/users\/246"}],"replies":[{"embeddable":true,"href":"https:\/\/diarioregionaldigital.com.br\/index.php?rest_route=%2Fwp%2Fv2%2Fcomments&post=219298"}],"version-history":[{"count":1,"href":"https:\/\/diarioregionaldigital.com.br\/index.php?rest_route=\/wp\/v2\/posts\/219298\/revisions"}],"predecessor-version":[{"id":219300,"href":"https:\/\/diarioregionaldigital.com.br\/index.php?rest_route=\/wp\/v2\/posts\/219298\/revisions\/219300"}],"wp:featuredmedia":[{"embeddable":true,"href":"https:\/\/diarioregionaldigital.com.br\/index.php?rest_route=\/wp\/v2\/media\/219299"}],"wp:attachment":[{"href":"https:\/\/diarioregionaldigital.com.br\/index.php?rest_route=%2Fwp%2Fv2%2Fmedia&parent=219298"}],"wp:term":[{"taxonomy":"category","embeddable":true,"href":"https:\/\/diarioregionaldigital.com.br\/index.php?rest_route=%2Fwp%2Fv2%2Fcategories&post=219298"},{"taxonomy":"post_tag","embeddable":true,"href":"https:\/\/diarioregionaldigital.com.br\/index.php?rest_route=%2Fwp%2Fv2%2Ftags&post=219298"}],"curies":[{"name":"wp","href":"https:\/\/api.w.org\/{rel}","templated":true}]}}