{"id":219269,"date":"2023-11-10T15:45:46","date_gmt":"2023-11-10T18:45:46","guid":{"rendered":"https:\/\/diarioregionaldigital.com.br\/?p=219269"},"modified":"2023-11-10T15:45:46","modified_gmt":"2023-11-10T18:45:46","slug":"ampliacao-do-sinal-digital-na-regiao-de-furnas-e-anunciada-no-raizes-do-lago-nesta-sexta-10-11","status":"publish","type":"post","link":"https:\/\/diarioregionaldigital.com.br\/?p=219269","title":{"rendered":"Amplia\u00e7\u00e3o do sinal digital na regi\u00e3o de Furnas \u00e9 anunciada no \u201cRa\u00edzes do Lago\u201d, nesta sexta (10\/11)"},"content":{"rendered":"<p>Minas n\u00e3o tem mar, mas tem Furnas. O lago \u00e9 o cart\u00e3o de visita para quase 40 cidades banhadas pelas \u00e1guas da antiga represa e mostra a pot\u00eancia do turismo nesses locais. S\u00e3o lugares que oferecem atrativos diversos que v\u00e3o de paisagens \u00e0 cozinha. Todas essas maravilhas s\u00e3o celebradas no \u201cRa\u00edzes do Lago \u2013 I Encontro Regional de Cozinha Mineira e Turismo Rural do Lago de Furnas\u201d. O evento come\u00e7ou nesta sexta (10\/11) e vai at\u00e9 s\u00e1bado (11\/11), em Alfenas. A abertura aconteceu na Universidade Federal de Alfenas e contou com a\u00a0participa\u00e7\u00e3o de Gustavo Mendicino, presidente da Empresa Mineira de Comunica\u00e7\u00e3o (EMC), que gerencia a\u00a0<a href=\"https:\/\/redeminas.tv\/\" target=\"_blank\" rel=\"noopener\">Rede Minas<\/a>\u00a0e a\u00a0<a href=\"https:\/\/www.inconfidencia.com.br\/\" target=\"_blank\" rel=\"noopener\">R\u00e1dio Inconfid\u00eancia<\/a>.<\/p>\n<p>A Rede Minas, apoiadora do \u201cRa\u00edzes do Lago\u201d, \u00e9 uma das grandes vitrines das cidades que contornam Furnas. A emissora p\u00fablica mineira mant\u00e9m diversas atra\u00e7\u00f5es que mostram esses destinos de Minas Gerais.<\/p>\n<p>\u201cQueremos fazer da TV sempre uma grande aliada para fomentar o turismo. Al\u00e9m dos programas, estamos ampliando o alcance da cobertura\u201d, diz Mendicino, que abriu as discuss\u00f5es do evento nesta sexta, na Universidade Federal de Alfenas.<\/p>\n<p>Na oportunidade, lan\u00e7ou mais uma etapa da expans\u00e3o do sinal digital. \u201cVamos aproveitar esse momento para anunciar a digitaliza\u00e7\u00e3o da Rede Minas na regi\u00e3o. Por meio do programa Digitaliza Minas e Digitaliza Brasil, ainda este m\u00eas estaremos em 73% dos munic\u00edpios desta localidade e em todo o estado at\u00e9 o fim do ano\u201d, disse.<\/p>\n<p>Boa Esperan\u00e7a, no Sul do estado, \u00e9 uma das cidades que ser\u00e1 beneficiada com a amplia\u00e7\u00e3o do sinal na regi\u00e3o. \u201cA chegada do sinal digital da Rede Minas na nossa cidade, que \u00e9 um canal aberto, vai proporcionar muitos benef\u00edcios para todo cidad\u00e3o, principalmente para os jovens que v\u00e3o prestar o Enem e vestibulares. Eles ter\u00e3o condi\u00e7\u00e3o de participar de aulas pr\u00e1ticas e gratuitas pela Rede Minas, que \u00e9 um canal aberto\u201d, comemora\u00a0o\u00a0prefeito Hideraldo Henrique Silva.<\/p>\n<p>O prefeito comenta que a multiprograma\u00e7\u00e3o \u00e9 outra ferramenta que vai auxiliar os jovens de baixa renda. \u201cAquelas pessoas que t\u00eam dificuldade de pagar um cursinho, de pagar uma aula extra. Pela Rede Minas, como \u00e9 um canal aberto, ter\u00e3o essa oportunidade. Agrade\u00e7o muito a Rede Minas e isso vai deixar a cidade mais feliz\u201d.<\/p>\n<p><strong>Multiprograma\u00e7\u00e3o<\/strong><\/p>\n<p>A amplia\u00e7\u00e3o da cobertura da Rede Minas no estado chega com novidades. Por meio do sinal, os munic\u00edpios t\u00eam acesso \u00e0 emissora p\u00fablica mineira e \u00e0 multiprograma\u00e7\u00e3o, que estreou, em agosto, com conte\u00fado exclusivo dedicado \u00e0 educa\u00e7\u00e3o. O servi\u00e7o \u00e9 um recurso da TV digital que possibilita a transmiss\u00e3o de programa\u00e7\u00f5es distintas em um mesmo canal de TV aberta. Com isso, o p\u00fablico pode acompanhar a programa\u00e7\u00e3o da emissora e, no subcanal, conferir conte\u00fado especial direcionado \u00e0 prepara\u00e7\u00e3o para o Exame Nacional do Ensino M\u00e9dio (Enem) com aulas produzidas pela\u00a0<a href=\"https:\/\/www.educacao.mg.gov.br\/\" target=\"_blank\" rel=\"noopener\">Secretaria de Estado de Educa\u00e7\u00e3o (SEE\/MG)<\/a>\u00a0na TV, durante 24 horas, para estudantes e professores.\u00a0<a href=\"http:\/\/redeminas.tv\/como-sintonizar\" target=\"_blank\" rel=\"noopener\">Clique aqui<\/a>\u00a0para conferir como sintonizar nas cidades do estado.<\/p>\n<p><strong>Alfenas na telinha<\/strong><\/p>\n<p>Somada \u00e0 presen\u00e7a do presidente da EMC Gustavo Mendicino, respons\u00e1vel pela gest\u00e3o da emissora, tamb\u00e9m est\u00e1 na cidade a equipe do programa +Geraes para mostrar, na tela da TV, Alfenas, anfitri\u00e3 do encontro que re\u00fane a cadeia de turismo da regi\u00e3o. O munic\u00edpio, considerado a \u201cporta de entrada para o lago de Furnas\u201d, \u00e9 famoso pelo turismo ecol\u00f3gico, a pr\u00e1tica de esportes n\u00e1uticos e a pesca, al\u00e9m da gastronomia que tem a til\u00e1pia como um de seus carros-chefe. O +Geraes mostra o munic\u00edpio na atra\u00e7\u00e3o deste s\u00e1bado (11\/11), \u00e0s 12h.<\/p>\n<p><strong>Ra\u00edzes do Lago<\/strong><\/p>\n<p>O I Encontro Regional de Cozinha Mineira e Turismo Rural do Lago de Furnas \u00e9 realizado nesta sexta (10) e s\u00e1bado (11), em Alfenas. Durante dois dias, a cidade \u00e9 palco de semin\u00e1rios, pain\u00e9is, mesas redondas, oficinas, feira de empreendedores e produtos da regi\u00e3o, rodada de neg\u00f3cios e atra\u00e7\u00f5es culturais. O evento acontece na Universidade Federal de Alfenas, na C\u00e2mara Municipal e na pra\u00e7a Dr. Em\u00edlio da Silveira. A programa\u00e7\u00e3o completa pode ser acompanhada em @furnas.circuito, no Instagram. O Ra\u00edzes do Lago \u00e9 realizado pelo Circuito Tur\u00edstico do Lago de Furnas e tem o apoio da Rede Minas.<\/p>\n<p><span style=\"font-weight: 400;\"><br \/>\n<\/span><span style=\"font-weight: 400;\">Fonte: Ag\u00eancia Minas<\/span><\/p>\n","protected":false},"excerpt":{"rendered":"<p>Minas n\u00e3o tem mar, mas tem Furnas. O lago \u00e9 o cart\u00e3o de visita para quase 40 cidades banhadas pelas \u00e1guas da antiga represa e mostra a pot\u00eancia do turismo nesses locais. S\u00e3o lugares que oferecem atrativos diversos que v\u00e3o de paisagens \u00e0 cozinha. Todas essas maravilhas s\u00e3o celebradas no \u201cRa\u00edzes do Lago \u2013 I [&hellip;]<\/p>\n","protected":false},"author":246,"featured_media":219270,"comment_status":"closed","ping_status":"closed","sticky":false,"template":"","format":"standard","meta":{"footnotes":""},"categories":[436,254,439],"tags":[],"class_list":["post-219269","post","type-post","status-publish","format-standard","has-post-thumbnail","hentry","category-destaque-da-semana","category-politica","category-ultima-hora"],"_links":{"self":[{"href":"https:\/\/diarioregionaldigital.com.br\/index.php?rest_route=\/wp\/v2\/posts\/219269","targetHints":{"allow":["GET"]}}],"collection":[{"href":"https:\/\/diarioregionaldigital.com.br\/index.php?rest_route=\/wp\/v2\/posts"}],"about":[{"href":"https:\/\/diarioregionaldigital.com.br\/index.php?rest_route=\/wp\/v2\/types\/post"}],"author":[{"embeddable":true,"href":"https:\/\/diarioregionaldigital.com.br\/index.php?rest_route=\/wp\/v2\/users\/246"}],"replies":[{"embeddable":true,"href":"https:\/\/diarioregionaldigital.com.br\/index.php?rest_route=%2Fwp%2Fv2%2Fcomments&post=219269"}],"version-history":[{"count":1,"href":"https:\/\/diarioregionaldigital.com.br\/index.php?rest_route=\/wp\/v2\/posts\/219269\/revisions"}],"predecessor-version":[{"id":219271,"href":"https:\/\/diarioregionaldigital.com.br\/index.php?rest_route=\/wp\/v2\/posts\/219269\/revisions\/219271"}],"wp:featuredmedia":[{"embeddable":true,"href":"https:\/\/diarioregionaldigital.com.br\/index.php?rest_route=\/wp\/v2\/media\/219270"}],"wp:attachment":[{"href":"https:\/\/diarioregionaldigital.com.br\/index.php?rest_route=%2Fwp%2Fv2%2Fmedia&parent=219269"}],"wp:term":[{"taxonomy":"category","embeddable":true,"href":"https:\/\/diarioregionaldigital.com.br\/index.php?rest_route=%2Fwp%2Fv2%2Fcategories&post=219269"},{"taxonomy":"post_tag","embeddable":true,"href":"https:\/\/diarioregionaldigital.com.br\/index.php?rest_route=%2Fwp%2Fv2%2Ftags&post=219269"}],"curies":[{"name":"wp","href":"https:\/\/api.w.org\/{rel}","templated":true}]}}