{"id":219263,"date":"2023-11-10T15:37:05","date_gmt":"2023-11-10T18:37:05","guid":{"rendered":"https:\/\/diarioregionaldigital.com.br\/?p=219263"},"modified":"2023-11-10T15:37:05","modified_gmt":"2023-11-10T18:37:05","slug":"inflacao-de-outubro-fica-em-024-puxada-pelas-passagens-aereas","status":"publish","type":"post","link":"https:\/\/diarioregionaldigital.com.br\/?p=219263","title":{"rendered":"Infla\u00e7\u00e3o de outubro fica em 0,24%, puxada pelas passagens a\u00e9reas"},"content":{"rendered":"<p>A infla\u00e7\u00e3o oficial do pa\u00eds fechou outubro em 0,24%, puxada, principalmente, pelo aumento no pre\u00e7o das passagens a\u00e9reas. O \u00cdndice Nacional de Pre\u00e7os ao Consumidor Amplo (IPCA) foi divulgado nesta sexta-feira (10) pelo Instituto Brasileiro de Geografia e Estat\u00edstica (IBGE). O resultado ficou abaixo do 0,26% medido em setembro. No ano, a infla\u00e7\u00e3o acumulada \u00e9 de 3,75% e, nos \u00faltimos 12 meses, 4,82%.\u00a0<img decoding=\"async\" src=\"https:\/\/agenciabrasil.ebc.com.br\/ebc.png?id=1565674&amp;o=node\" \/><img decoding=\"async\" src=\"https:\/\/agenciabrasil.ebc.com.br\/ebc.gif?id=1565674&amp;o=node\" \/><\/p>\n<h2>Viagem de avi\u00e3o<\/h2>\n<p>Oito dos nove grupos de produtos e servi\u00e7os apurados pelo IBGE apresentaram alta. As maiores press\u00f5es sobre os pre\u00e7os vieram de transportes e alimenta\u00e7\u00e3o e bebidas.<\/p>\n<p>No grupo transportes, as passagens a\u00e9reas, que j\u00e1 tinham ficado 13,47% mais caras em setembro, subiram 23,70%. \u201cEssa alta pode estar relacionada a alguns fatores como o aumento no pre\u00e7o de querosene de avia\u00e7\u00e3o e a proximidade das f\u00e9rias de fim de ano\u201d, explica o gerente da pesquisa, Andr\u00e9 Almeida.<\/p>\n<h2>Gasolina<\/h2>\n<p>A gasolina, subitem com maior peso entre os 377 na cesta de compra das fam\u00edlias, ajudou a segurar a infla\u00e7\u00e3o. O pre\u00e7o do derivado de petr\u00f3leo caiu 1,53%. Os pre\u00e7os do g\u00e1s veicular e do etanol tamb\u00e9m ca\u00edram, 1,23% e 0,96%, respectivamente.<\/p>\n<p>\u201cEssa queda em outubro foi o maior impacto negativo no \u00edndice (-0,08 ponto percentual) e contribuiu para segurar o resultado do grupo de transportes\u201d, acrescenta o gerente do IBGE.<\/p>\n<h2>Alimentos<\/h2>\n<p>O grupo alimenta\u00e7\u00e3o e bebidas \u2013 o que mais pesa no or\u00e7amento das fam\u00edlias &#8211; apresentou alta depois de quatro meses seguidos de defla\u00e7\u00e3o, isto \u00e9, queda nos pre\u00e7os. A alimenta\u00e7\u00e3o no domic\u00edlio subiu 0,27%, impulsionada pela batata-inglesa (11,23%), cebola (8,46%), frutas (3,06%), arroz (2,99%) e carnes (0,53%).<\/p>\n<p>\u201cO arroz acumula alta de 13,58% no ano. Esse resultado \u00e9 influenciado pela menor oferta, j\u00e1 que ele est\u00e1 no per\u00edodo de entressafra e houve maior demanda de exporta\u00e7\u00e3o. No caso da batata e da cebola, a menor oferta \u00e9 resultado do aumento de chuvas nas regi\u00f5es produtoras, que prejudicou a colheita\u201d, detalha Andr\u00e9 Almeida.<\/p>\n<p>A alimenta\u00e7\u00e3o fora do domic\u00edlio ficou 0,42% mais cara.<\/p>\n<p>O grupo comunica\u00e7\u00e3o foi o \u00fanico que registrou defla\u00e7\u00e3o, queda de 0,19%. O motivo foi a s\u00e9rie de quedas nos pre\u00e7os dos aparelhos telef\u00f4nicos e dos planos de telefonia fixa.<\/p>\n<h2>Meta de infla\u00e7\u00e3o<\/h2>\n<p>O resultado anunciado nesta sexta-feira deixa o IPCA acumulado de 12 meses acima da meta de infla\u00e7\u00e3o determinada pelo Banco Central, que \u00e9 de 3,25%, com toler\u00e2ncia de 1,5 ponto percentual para mais ou para menos. O IPCA mede a infla\u00e7\u00e3o de fam\u00edlias com renda de um at\u00e9 40 sal\u00e1rios m\u00ednimos.<\/p>\n<h2>INPC<\/h2>\n<p>O IBGE divulgou tamb\u00e9m o \u00cdndice Nacional de Pre\u00e7os ao Consumidor (INPC), que mede a infla\u00e7\u00e3o para fam\u00edlias com rendimento de um a cinco sal\u00e1rios m\u00ednimos. Em outubro o resultado foi de 0,12%. O INPC acumula 3,04% no ano e 4,14% nos \u00faltimos 12 meses.<\/p>\n<p><span style=\"font-weight: 400;\">Fonte: Ag\u00eancia Brasil <\/span><\/p>\n","protected":false},"excerpt":{"rendered":"<p>A infla\u00e7\u00e3o oficial do pa\u00eds fechou outubro em 0,24%, puxada, principalmente, pelo aumento no pre\u00e7o das passagens a\u00e9reas. O \u00cdndice Nacional de Pre\u00e7os ao Consumidor Amplo (IPCA) foi divulgado nesta sexta-feira (10) pelo Instituto Brasileiro de Geografia e Estat\u00edstica (IBGE). O resultado ficou abaixo do 0,26% medido em setembro. No ano, a infla\u00e7\u00e3o acumulada \u00e9 [&hellip;]<\/p>\n","protected":false},"author":246,"featured_media":219264,"comment_status":"closed","ping_status":"closed","sticky":false,"template":"","format":"standard","meta":{"footnotes":""},"categories":[436,440,261,439],"tags":[],"class_list":["post-219263","post","type-post","status-publish","format-standard","has-post-thumbnail","hentry","category-destaque-da-semana","category-destaques-do-dia","category-economia","category-ultima-hora"],"_links":{"self":[{"href":"https:\/\/diarioregionaldigital.com.br\/index.php?rest_route=\/wp\/v2\/posts\/219263","targetHints":{"allow":["GET"]}}],"collection":[{"href":"https:\/\/diarioregionaldigital.com.br\/index.php?rest_route=\/wp\/v2\/posts"}],"about":[{"href":"https:\/\/diarioregionaldigital.com.br\/index.php?rest_route=\/wp\/v2\/types\/post"}],"author":[{"embeddable":true,"href":"https:\/\/diarioregionaldigital.com.br\/index.php?rest_route=\/wp\/v2\/users\/246"}],"replies":[{"embeddable":true,"href":"https:\/\/diarioregionaldigital.com.br\/index.php?rest_route=%2Fwp%2Fv2%2Fcomments&post=219263"}],"version-history":[{"count":1,"href":"https:\/\/diarioregionaldigital.com.br\/index.php?rest_route=\/wp\/v2\/posts\/219263\/revisions"}],"predecessor-version":[{"id":219265,"href":"https:\/\/diarioregionaldigital.com.br\/index.php?rest_route=\/wp\/v2\/posts\/219263\/revisions\/219265"}],"wp:featuredmedia":[{"embeddable":true,"href":"https:\/\/diarioregionaldigital.com.br\/index.php?rest_route=\/wp\/v2\/media\/219264"}],"wp:attachment":[{"href":"https:\/\/diarioregionaldigital.com.br\/index.php?rest_route=%2Fwp%2Fv2%2Fmedia&parent=219263"}],"wp:term":[{"taxonomy":"category","embeddable":true,"href":"https:\/\/diarioregionaldigital.com.br\/index.php?rest_route=%2Fwp%2Fv2%2Fcategories&post=219263"},{"taxonomy":"post_tag","embeddable":true,"href":"https:\/\/diarioregionaldigital.com.br\/index.php?rest_route=%2Fwp%2Fv2%2Ftags&post=219263"}],"curies":[{"name":"wp","href":"https:\/\/api.w.org\/{rel}","templated":true}]}}