{"id":219256,"date":"2023-11-09T16:04:37","date_gmt":"2023-11-09T19:04:37","guid":{"rendered":"https:\/\/diarioregionaldigital.com.br\/?p=219256"},"modified":"2023-11-09T16:04:37","modified_gmt":"2023-11-09T19:04:37","slug":"estadio-municipal-recebe-finais-da-copa-prefeitura-de-futebol-amador","status":"publish","type":"post","link":"https:\/\/diarioregionaldigital.com.br\/?p=219256","title":{"rendered":"Est\u00e1dio Municipal recebe finais da Copa Prefeitura de Futebol Amador"},"content":{"rendered":"<div id=\"box_texto_noticia\"><span style=\"font-weight: 400;\">Segundo informa\u00e7\u00f5es do site da Prefeitura de Juiz de Fora (PJF),\u00a0 \u00a0a <\/span>Copa Prefeitura de Futebol Amador est\u00e1 na sua reta final, e neste fim de semana acontecem partidas decisivas em diversas categorias. No s\u00e1bado, 11, no Caem Cer\u00e2mica, ser\u00e3o realizados cinco jogos, entre 8h15 e 11h45, v\u00e1lidos pelas semifinais das categorias sub-13, sub-15 e sub-17. No domingo, 12, entre 8h e 12h40, o Caem Polivalente recebe cinco jogos de semifinais das categorias +35, Zona Rural e sub-17.<\/p>\n<p>Tamb\u00e9m no domingo, 12, o Est\u00e1dio Municipal Radialista M\u00e1rio Hel\u00eanio recebe as finais das categorias +40, +50 e +60 da Copa Prefeitura de Futebol Amador. \u00c0s 8h15, Bavet F.C. e Botafoguinho F.C. &#8211; Graja\u00fa definem o campe\u00e3o da +60; na sequ\u00eancia, \u00e0s 9h25, pela categoria +50, Cidade Alta e Botafoguinho F.C. &#8211; Graja\u00fa fazem a grande final; \u00e0s 10h35, A.A. Panelinha e Inomin\u00e1veis F.C.\u00a0 disputam o t\u00edtulo da +40; e por fim, \u00e0s 11h45, Chapad\u00e3o e T\u00f4 Maluco fazem uma das semifinais da categoria +21.<\/p>\n<p>Realizada desde 1983, a Copa de Futebol Amador \u00e9 promovida pela Prefeitura de Juiz de Fora , atrav\u00e9s da Secretaria de Esporte e Lazer. Com o passar dos anos, tornou-se a maior competi\u00e7\u00e3o de futebol amador, gratuita para as equipes do pa\u00eds, realizando, anualmente, mais de 500 partidas no per\u00edodo de agosto a dezembro, em campos de v\u00e1rzea da Prefeitura e de clubes parceiros, com m\u00e9dia de participa\u00e7\u00e3o de mais de 5,5 mil atletas.<\/p>\n<p>A Copa Prefeitura de Futebol Amador tem como objetivo incentivar a pr\u00e1tica do futebol amador e comunit\u00e1rio no munic\u00edpio de Juiz de Fora e regi\u00e3o, al\u00e9m de intervir educacionalmente, especialmente, pautado na Cultura da Paz no Esporte e promover o interc\u00e2mbio esportivo e social entre os diversos segmentos e camadas da sociedade, integrando os indiv\u00edduos, da crian\u00e7a ao idoso.<\/p>\n<p>Confira o Boletim 11 da Copa Prefeitura de Futebol Amador<\/p><\/div>\n<p>&nbsp;<\/p>\n<div class=\"texto_anexo\"><img loading=\"lazy\" decoding=\"async\" src=\"https:\/\/www.pjf.mg.gov.br\/imagens\/clips.jpg\" width=\"22\" height=\"20\" \/>\u00a0<a href=\"https:\/\/www.pjf.mg.gov.br\/noticias\/anexo\/BoletimdaCopa11-2023.pdf\" target=\"_blank\" rel=\"noopener\">Veja o anexo<\/a><\/div>\n","protected":false},"excerpt":{"rendered":"<p>Segundo informa\u00e7\u00f5es do site da Prefeitura de Juiz de Fora (PJF),\u00a0 \u00a0a Copa Prefeitura de Futebol Amador est\u00e1 na sua reta final, e neste fim de semana acontecem partidas decisivas em diversas categorias. No s\u00e1bado, 11, no Caem Cer\u00e2mica, ser\u00e3o realizados cinco jogos, entre 8h15 e 11h45, v\u00e1lidos pelas semifinais das categorias sub-13, sub-15 e [&hellip;]<\/p>\n","protected":false},"author":246,"featured_media":219257,"comment_status":"closed","ping_status":"closed","sticky":false,"template":"","format":"standard","meta":{"footnotes":""},"categories":[253,436,439],"tags":[],"class_list":["post-219256","post","type-post","status-publish","format-standard","has-post-thumbnail","hentry","category-cidade","category-destaque-da-semana","category-ultima-hora"],"_links":{"self":[{"href":"https:\/\/diarioregionaldigital.com.br\/index.php?rest_route=\/wp\/v2\/posts\/219256","targetHints":{"allow":["GET"]}}],"collection":[{"href":"https:\/\/diarioregionaldigital.com.br\/index.php?rest_route=\/wp\/v2\/posts"}],"about":[{"href":"https:\/\/diarioregionaldigital.com.br\/index.php?rest_route=\/wp\/v2\/types\/post"}],"author":[{"embeddable":true,"href":"https:\/\/diarioregionaldigital.com.br\/index.php?rest_route=\/wp\/v2\/users\/246"}],"replies":[{"embeddable":true,"href":"https:\/\/diarioregionaldigital.com.br\/index.php?rest_route=%2Fwp%2Fv2%2Fcomments&post=219256"}],"version-history":[{"count":1,"href":"https:\/\/diarioregionaldigital.com.br\/index.php?rest_route=\/wp\/v2\/posts\/219256\/revisions"}],"predecessor-version":[{"id":219258,"href":"https:\/\/diarioregionaldigital.com.br\/index.php?rest_route=\/wp\/v2\/posts\/219256\/revisions\/219258"}],"wp:featuredmedia":[{"embeddable":true,"href":"https:\/\/diarioregionaldigital.com.br\/index.php?rest_route=\/wp\/v2\/media\/219257"}],"wp:attachment":[{"href":"https:\/\/diarioregionaldigital.com.br\/index.php?rest_route=%2Fwp%2Fv2%2Fmedia&parent=219256"}],"wp:term":[{"taxonomy":"category","embeddable":true,"href":"https:\/\/diarioregionaldigital.com.br\/index.php?rest_route=%2Fwp%2Fv2%2Fcategories&post=219256"},{"taxonomy":"post_tag","embeddable":true,"href":"https:\/\/diarioregionaldigital.com.br\/index.php?rest_route=%2Fwp%2Fv2%2Ftags&post=219256"}],"curies":[{"name":"wp","href":"https:\/\/api.w.org\/{rel}","templated":true}]}}