{"id":219253,"date":"2023-11-09T16:00:33","date_gmt":"2023-11-09T19:00:33","guid":{"rendered":"https:\/\/diarioregionaldigital.com.br\/?p=219253"},"modified":"2023-11-09T16:00:33","modified_gmt":"2023-11-09T19:00:33","slug":"setur-representa-juiz-de-fora-no-festival-internacional-de-turismo-de-gramado","status":"publish","type":"post","link":"https:\/\/diarioregionaldigital.com.br\/?p=219253","title":{"rendered":"Setur representa Juiz de Fora no Festival Internacional de Turismo de Gramado"},"content":{"rendered":"<p><span style=\"font-weight: 400;\">Segundo informa\u00e7\u00f5es do site da Prefeitura de Juiz de Fora (PJF),\u00a0 pela primeira vez, Juiz de Fora participar\u00e1 do Festival Internacional de Turismo de Gramado, o Festuris, que ser\u00e1 realizado desta quinta-feira, 9, at\u00e9 s\u00e1bado, 11. A Prefeitura de Juiz de Fora (PJF), por meio da Secretaria de Turismo (Setur), em parceria com o Servi\u00e7o Brasileiro de Apoio \u00e0s Micro e Pequenas Empresas (Sebrae), apresentar\u00e1 seus atrativos culturais, tur\u00edsticos e gastron\u00f4micos em um estande na 35\u00aa edi\u00e7\u00e3o do festival. O objetivo \u00e9 mostrar a cidade como um destino para os turistas de todo o Brasil.<\/span><\/p>\n<p><span style=\"font-weight: 400;\">\u00a0<\/span><\/p>\n<p><span style=\"font-weight: 400;\">A Setur estar\u00e1 representada no evento pelo secret\u00e1rio Marcelo do Carmo. Segundo ele, participar de eventos como a Festuris em Gramado \u00e9 fundamental para impulsionar o turismo em Juiz de Fora. \u201cEssa iniciativa estrat\u00e9gica oferece uma oportunidade \u00fanica de apresentar a cidade aos profissionais do trade tur\u00edstico de todo o Brasil. Ao levar material gr\u00e1fico e souvenirs, estamos focados em fortalecer rela\u00e7\u00f5es, ampliar a rede de contatos e explorar poss\u00edveis oportunidades de neg\u00f3cios durante os tr\u00eas dias do evento. Essa a\u00e7\u00e3o promissora n\u00e3o s\u00f3 coloca Juiz de Fora no cen\u00e1rio nacional, ao participar de uma das feiras mais importantes do pa\u00eds, como tamb\u00e9m estabelece bases s\u00f3lidas para aumentar o fluxo de turistas, destacando a cidade como um destino atraente\u201d, disse o secret\u00e1rio.<\/span><\/p>\n<p><span style=\"font-weight: 400;\">\u00a0<\/span><\/p>\n<p><span style=\"font-weight: 400;\">Durante os dias da feira, um painel exibir\u00e1 imagens dos principais pontos tur\u00edsticos do munic\u00edpio, como o Museu Mariano Proc\u00f3pio, Museu de Arte Murilo Mendes (MAMM), Memorial da Rep\u00fablica Presidente Itamar Franco, Cine-Theatro Central, entre outros. Adicionalmente, haver\u00e1 distribui\u00e7\u00e3o de cervejas premiadas da Antu\u00e9rpia, brindes e materiais gr\u00e1ficos promovendo o novo site oficial de turismo de Juiz de Fora.<\/span><\/p>\n<p><span style=\"font-weight: 400;\">\u00a0<\/span><\/p>\n<p><span style=\"font-weight: 400;\">Nesta edi\u00e7\u00e3o da Festuris, s\u00e3o esperados mais de 15 mil participantes. S\u00e3o mais de 2,7 mil marcas em exposi\u00e7\u00e3o e 40 destinos internacionais representados. A feira oferece a oportunidade para promo\u00e7\u00e3o de produtos e iniciativas do turismo nacional e internacional, divulga\u00e7\u00e3o de destinos, lan\u00e7amento de tend\u00eancias do mercado, posicionamento de marcas em diferentes segmentos e gera\u00e7\u00e3o intensa de neg\u00f3cios.<\/span><\/p>\n<p>&nbsp;<\/p>\n","protected":false},"excerpt":{"rendered":"<p>Segundo informa\u00e7\u00f5es do site da Prefeitura de Juiz de Fora (PJF),\u00a0 pela primeira vez, Juiz de Fora participar\u00e1 do Festival Internacional de Turismo de Gramado, o Festuris, que ser\u00e1 realizado desta quinta-feira, 9, at\u00e9 s\u00e1bado, 11. A Prefeitura de Juiz de Fora (PJF), por meio da Secretaria de Turismo (Setur), em parceria com o Servi\u00e7o [&hellip;]<\/p>\n","protected":false},"author":246,"featured_media":219254,"comment_status":"closed","ping_status":"closed","sticky":false,"template":"","format":"standard","meta":{"footnotes":""},"categories":[253,436,440,439],"tags":[],"class_list":["post-219253","post","type-post","status-publish","format-standard","has-post-thumbnail","hentry","category-cidade","category-destaque-da-semana","category-destaques-do-dia","category-ultima-hora"],"_links":{"self":[{"href":"https:\/\/diarioregionaldigital.com.br\/index.php?rest_route=\/wp\/v2\/posts\/219253","targetHints":{"allow":["GET"]}}],"collection":[{"href":"https:\/\/diarioregionaldigital.com.br\/index.php?rest_route=\/wp\/v2\/posts"}],"about":[{"href":"https:\/\/diarioregionaldigital.com.br\/index.php?rest_route=\/wp\/v2\/types\/post"}],"author":[{"embeddable":true,"href":"https:\/\/diarioregionaldigital.com.br\/index.php?rest_route=\/wp\/v2\/users\/246"}],"replies":[{"embeddable":true,"href":"https:\/\/diarioregionaldigital.com.br\/index.php?rest_route=%2Fwp%2Fv2%2Fcomments&post=219253"}],"version-history":[{"count":1,"href":"https:\/\/diarioregionaldigital.com.br\/index.php?rest_route=\/wp\/v2\/posts\/219253\/revisions"}],"predecessor-version":[{"id":219255,"href":"https:\/\/diarioregionaldigital.com.br\/index.php?rest_route=\/wp\/v2\/posts\/219253\/revisions\/219255"}],"wp:featuredmedia":[{"embeddable":true,"href":"https:\/\/diarioregionaldigital.com.br\/index.php?rest_route=\/wp\/v2\/media\/219254"}],"wp:attachment":[{"href":"https:\/\/diarioregionaldigital.com.br\/index.php?rest_route=%2Fwp%2Fv2%2Fmedia&parent=219253"}],"wp:term":[{"taxonomy":"category","embeddable":true,"href":"https:\/\/diarioregionaldigital.com.br\/index.php?rest_route=%2Fwp%2Fv2%2Fcategories&post=219253"},{"taxonomy":"post_tag","embeddable":true,"href":"https:\/\/diarioregionaldigital.com.br\/index.php?rest_route=%2Fwp%2Fv2%2Ftags&post=219253"}],"curies":[{"name":"wp","href":"https:\/\/api.w.org\/{rel}","templated":true}]}}