{"id":219250,"date":"2023-11-09T15:43:52","date_gmt":"2023-11-09T18:43:52","guid":{"rendered":"https:\/\/diarioregionaldigital.com.br\/?p=219250"},"modified":"2023-11-09T15:43:52","modified_gmt":"2023-11-09T18:43:52","slug":"em-carta-presidente-da-cbf-agradece-apoio-do-papa-francisco-ao-esporte","status":"publish","type":"post","link":"https:\/\/diarioregionaldigital.com.br\/?p=219250","title":{"rendered":"Em carta, presidente da CBF agradece apoio do Papa Francisco ao esporte"},"content":{"rendered":"<div class=\"article-inner-content\">\n<p>O presidente da CBF, Ednaldo Rodrigues, agradeceu o apoio do Papa Francisco ao esporte em carta entregue nesta quinta-feira (9) no Vaticano.<\/p>\n<p>No documento, Ednaldo Rodrigues elogia o empenho do Pont\u00edfice &#8220;para aumentar o engajamento em torno do esporte como instrumento para a cria\u00e7\u00e3o de um ambiente mais inclusivo e uma sociedade mais coesa e acolhedora&#8221;.<\/p>\n<p>No texto, o presidente da CBF manifesta ainda o entusiasmo &#8220;com a possibilidade do esporte ser tema da Campanha da Fraternidade em 2026&#8221;, segundo proposta apresentada pelo secret\u00e1rio-geral da Confedera\u00e7\u00e3o Nacional dos Bispos do Brasil (CNBB), dom Ricardo Hoepers, em evento realizado em setembro pelo Comit\u00ea Ol\u00edmpico do Brasil, em S\u00e3o Paulo.<\/p>\n<p>Na carta, Ednaldo Rodrigues escreveu que a &#8220;CBF est\u00e1 \u00e0 disposi\u00e7\u00e3o para colaborar no que for preciso&#8221;.<\/p>\n<p>Em setembro do ano passado, o presidente da entidade que comanda o futebol no Brasil encontrou o Papa Francisco no Vaticano, quando assinou a Declara\u00e7\u00e3o do Esporte para Todos ao final de uma c\u00fapula internacional organizada pelo Dicast\u00e9rio para os Leigos, a Fam\u00edlia e a Vida, e pelo Dicast\u00e9rio para a Cultura e a Educa\u00e7\u00e3o.<\/p>\n<p>O documento foi um convite concreto aos representantes do mundo do esporte presentes no Vaticano a se comprometerem com a\u00e7\u00f5es dentro dos tr\u00eas elementos que fazem parte da declara\u00e7\u00e3o: a coes\u00e3o, a acessibilidade e o esporte ser adapt\u00e1vel a todos.<\/p>\n<p>Nesta quinta, um relat\u00f3rio tamb\u00e9m foi entregue ao Papa sobre a s\u00e9rie de iniciativas realizadas pela CBF, inspirada na Declara\u00e7\u00e3o do Esporte para Todos. A CBF lidera uma campanha de combate ao racismo no futebol, apoia a Sele\u00e7\u00e3o Brasileira de Futsal de Nanismo e desenvolve uma s\u00e9rie de iniciativas para a cria\u00e7\u00e3o de um ambiente mais inclusivo e uma sociedade mais coesa e acolhedora atrav\u00e9s do futebol. <span style=\"font-weight: 400;\"><br \/>\n<\/span><span style=\"font-weight: 400;\"><\/p>\n<p>Fonte: CBF <\/span><\/p>\n<\/div>\n<h2 class=\"article-title m-t-50 m-b-40 uppercase\"><\/h2>\n","protected":false},"excerpt":{"rendered":"<p>O presidente da CBF, Ednaldo Rodrigues, agradeceu o apoio do Papa Francisco ao esporte em carta entregue nesta quinta-feira (9) no Vaticano. No documento, Ednaldo Rodrigues elogia o empenho do Pont\u00edfice &#8220;para aumentar o engajamento em torno do esporte como instrumento para a cria\u00e7\u00e3o de um ambiente mais inclusivo e uma sociedade mais coesa e [&hellip;]<\/p>\n","protected":false},"author":246,"featured_media":219251,"comment_status":"closed","ping_status":"closed","sticky":false,"template":"","format":"standard","meta":{"footnotes":""},"categories":[436,440,257,439],"tags":[],"class_list":["post-219250","post","type-post","status-publish","format-standard","has-post-thumbnail","hentry","category-destaque-da-semana","category-destaques-do-dia","category-esporte","category-ultima-hora"],"_links":{"self":[{"href":"https:\/\/diarioregionaldigital.com.br\/index.php?rest_route=\/wp\/v2\/posts\/219250","targetHints":{"allow":["GET"]}}],"collection":[{"href":"https:\/\/diarioregionaldigital.com.br\/index.php?rest_route=\/wp\/v2\/posts"}],"about":[{"href":"https:\/\/diarioregionaldigital.com.br\/index.php?rest_route=\/wp\/v2\/types\/post"}],"author":[{"embeddable":true,"href":"https:\/\/diarioregionaldigital.com.br\/index.php?rest_route=\/wp\/v2\/users\/246"}],"replies":[{"embeddable":true,"href":"https:\/\/diarioregionaldigital.com.br\/index.php?rest_route=%2Fwp%2Fv2%2Fcomments&post=219250"}],"version-history":[{"count":1,"href":"https:\/\/diarioregionaldigital.com.br\/index.php?rest_route=\/wp\/v2\/posts\/219250\/revisions"}],"predecessor-version":[{"id":219252,"href":"https:\/\/diarioregionaldigital.com.br\/index.php?rest_route=\/wp\/v2\/posts\/219250\/revisions\/219252"}],"wp:featuredmedia":[{"embeddable":true,"href":"https:\/\/diarioregionaldigital.com.br\/index.php?rest_route=\/wp\/v2\/media\/219251"}],"wp:attachment":[{"href":"https:\/\/diarioregionaldigital.com.br\/index.php?rest_route=%2Fwp%2Fv2%2Fmedia&parent=219250"}],"wp:term":[{"taxonomy":"category","embeddable":true,"href":"https:\/\/diarioregionaldigital.com.br\/index.php?rest_route=%2Fwp%2Fv2%2Fcategories&post=219250"},{"taxonomy":"post_tag","embeddable":true,"href":"https:\/\/diarioregionaldigital.com.br\/index.php?rest_route=%2Fwp%2Fv2%2Ftags&post=219250"}],"curies":[{"name":"wp","href":"https:\/\/api.w.org\/{rel}","templated":true}]}}