{"id":219204,"date":"2023-11-07T06:00:15","date_gmt":"2023-11-07T09:00:15","guid":{"rendered":"https:\/\/diarioregionaldigital.com.br\/?p=219204"},"modified":"2023-11-07T16:32:33","modified_gmt":"2023-11-07T19:32:33","slug":"prefeitura-municipal-de-descoberto-contrato-no089-07-11-2023","status":"publish","type":"post","link":"https:\/\/diarioregionaldigital.com.br\/?p=219204","title":{"rendered":"Prefeitura Municipal de Descoberto &#8211; Contrato n\u00ba089 &#8211; 07\/11\/2023"},"content":{"rendered":"<p style=\"text-align: center;\"><strong>EXTRATO DE CONTRATO<\/strong><\/p>\n<p style=\"text-align: center;\">Pref. Municipal de Descoberto x 48.366.142 Isabela Frecati Sanguim \u2013 Contrata\u00e7\u00e3o de empresa especializada para presta\u00e7\u00e3o de servi\u00e7o de assessoria na \u00e1rea da Sa\u00fade \u2013 \u00a0Fundamento: Dispensa o n\u00ba 008\/2023 &#8211; Valor Global: R$15.000,00 &#8211; Vig\u00eancia: 06 meses &#8211;\u00a0 Dot or\u00e7: 02.02005.10.122.0002.283-339039\/500 &#8211; \u00a0\u00a0Ass: 07\/11\/2023 &#8211; Foro: S\u00e3o Jo\u00e3o Nepomuceno\/MG.<\/p>\n<p style=\"text-align: center;\"><strong>Marcos de Ara\u00fajo Lima<\/strong><\/p>\n<p style=\"text-align: center;\"><strong>Prefeito Municipal<\/strong><\/p>\n","protected":false},"excerpt":{"rendered":"<p>EXTRATO DE CONTRATO Pref. Municipal de Descoberto x 48.366.142 Isabela Frecati Sanguim \u2013 Contrata\u00e7\u00e3o de empresa especializada para presta\u00e7\u00e3o de servi\u00e7o de assessoria na \u00e1rea da Sa\u00fade \u2013 \u00a0Fundamento: Dispensa o n\u00ba 008\/2023 &#8211; Valor Global: R$15.000,00 &#8211; Vig\u00eancia: 06 meses &#8211;\u00a0 Dot or\u00e7: 02.02005.10.122.0002.283-339039\/500 &#8211; \u00a0\u00a0Ass: 07\/11\/2023 &#8211; Foro: S\u00e3o Jo\u00e3o Nepomuceno\/MG. Marcos de [&hellip;]<\/p>\n","protected":false},"author":96,"featured_media":0,"comment_status":"closed","ping_status":"closed","sticky":false,"template":"","format":"standard","meta":{"footnotes":""},"categories":[307],"tags":[],"class_list":["post-219204","post","type-post","status-publish","format-standard","hentry","category-editais"],"_links":{"self":[{"href":"https:\/\/diarioregionaldigital.com.br\/index.php?rest_route=\/wp\/v2\/posts\/219204","targetHints":{"allow":["GET"]}}],"collection":[{"href":"https:\/\/diarioregionaldigital.com.br\/index.php?rest_route=\/wp\/v2\/posts"}],"about":[{"href":"https:\/\/diarioregionaldigital.com.br\/index.php?rest_route=\/wp\/v2\/types\/post"}],"author":[{"embeddable":true,"href":"https:\/\/diarioregionaldigital.com.br\/index.php?rest_route=\/wp\/v2\/users\/96"}],"replies":[{"embeddable":true,"href":"https:\/\/diarioregionaldigital.com.br\/index.php?rest_route=%2Fwp%2Fv2%2Fcomments&post=219204"}],"version-history":[{"count":1,"href":"https:\/\/diarioregionaldigital.com.br\/index.php?rest_route=\/wp\/v2\/posts\/219204\/revisions"}],"predecessor-version":[{"id":219206,"href":"https:\/\/diarioregionaldigital.com.br\/index.php?rest_route=\/wp\/v2\/posts\/219204\/revisions\/219206"}],"wp:attachment":[{"href":"https:\/\/diarioregionaldigital.com.br\/index.php?rest_route=%2Fwp%2Fv2%2Fmedia&parent=219204"}],"wp:term":[{"taxonomy":"category","embeddable":true,"href":"https:\/\/diarioregionaldigital.com.br\/index.php?rest_route=%2Fwp%2Fv2%2Fcategories&post=219204"},{"taxonomy":"post_tag","embeddable":true,"href":"https:\/\/diarioregionaldigital.com.br\/index.php?rest_route=%2Fwp%2Fv2%2Ftags&post=219204"}],"curies":[{"name":"wp","href":"https:\/\/api.w.org\/{rel}","templated":true}]}}