{"id":219180,"date":"2023-11-06T21:20:52","date_gmt":"2023-11-07T00:20:52","guid":{"rendered":"https:\/\/diarioregionaldigital.com.br\/?p=219180"},"modified":"2023-11-06T21:20:52","modified_gmt":"2023-11-07T00:20:52","slug":"moraes-leva-julgamento-de-reu-do-8-de-janeiro-ao-plenario-fisico","status":"publish","type":"post","link":"https:\/\/diarioregionaldigital.com.br\/?p=219180","title":{"rendered":"Moraes leva julgamento de r\u00e9u do 8 de janeiro ao plen\u00e1rio f\u00edsico"},"content":{"rendered":"<p>O ministro Alexandre de Moraes, do Supremo Tribunal Federal (STF), decidiu tirar o julgamento de um dos r\u00e9us dos atos golpistas de 8 de janeiro do plen\u00e1rio virtual e levar a an\u00e1lise do caso para o plen\u00e1rio convencional, em que h\u00e1 debate oral entre os ministros.<img decoding=\"async\" src=\"https:\/\/agenciabrasil.ebc.com.br\/ebc.png?id=1564686&amp;o=node\" \/><img decoding=\"async\" src=\"https:\/\/agenciabrasil.ebc.com.br\/ebc.gif?id=1564686&amp;o=node\" \/><\/p>\n<p>Moraes j\u00e1 havia votado por condenar Eduardo Zeferino Englert a 17 anos de pris\u00e3o por seu envolvimento nos atos golpistas, mas em seguida fez o pedido de destaque, instrumento que leva o caso ao plen\u00e1rio f\u00edsico. O ministro n\u00e3o justificou a medida.<\/p>\n<p>At\u00e9 o destaque, o \u00fanico ministro que tamb\u00e9m havia votado foi Cristiano Zanin, que acompanhou o relator, embora atribuindo uma pena menor, de 15 anos de pris\u00e3o, ao r\u00e9u. Agora, o julgamento dever\u00e1 ser retomado do zero no plen\u00e1rio f\u00edsico. N\u00e3o h\u00e1 data marcada para o julgamento.<\/p>\n<p>No plen\u00e1rio virtual, Englert estava sendo julgado junto a outros cinco r\u00e9us, em sess\u00e3o marcada para durar at\u00e9 as 23h59 desta ter\u00e7a-feira (7). Todos foram acusados pela Procuradoria-Geral da Rep\u00fablica (PGR) pelos crimes de associa\u00e7\u00e3o criminosa armada, golpe de Estado, aboli\u00e7\u00e3o violenta do Estado Democr\u00e1tico de Direito, deteriora\u00e7\u00e3o de patrim\u00f4nio tombado e dano qualificado.<\/p>\n<p>Ao todo, a PGR apresentou mais de 1,3 mil den\u00fancias relacionadas aos atos antidemocr\u00e1ticos do 8 de janeiro. A maior parte, cerca de 1,1 mil, diz respeito a acusa\u00e7\u00f5es menos graves e tiveram o andamento suspenso por Moraes para que o Minist\u00e9rio P\u00fablico avalie, no caso a caso, a possibilidade de fechar acordos de n\u00e3o persecu\u00e7\u00e3o penal.<\/p>\n<p><span style=\"font-weight: 400;\"><br \/>\n<\/span><span style=\"font-weight: 400;\">Fonte: Ag\u00eancia Brasil <\/span><\/p>\n","protected":false},"excerpt":{"rendered":"<p>O ministro Alexandre de Moraes, do Supremo Tribunal Federal (STF), decidiu tirar o julgamento de um dos r\u00e9us dos atos golpistas de 8 de janeiro do plen\u00e1rio virtual e levar a an\u00e1lise do caso para o plen\u00e1rio convencional, em que h\u00e1 debate oral entre os ministros. Moraes j\u00e1 havia votado por condenar Eduardo Zeferino Englert [&hellip;]<\/p>\n","protected":false},"author":246,"featured_media":219181,"comment_status":"closed","ping_status":"closed","sticky":false,"template":"","format":"standard","meta":{"footnotes":""},"categories":[436,440,254,439],"tags":[],"class_list":["post-219180","post","type-post","status-publish","format-standard","has-post-thumbnail","hentry","category-destaque-da-semana","category-destaques-do-dia","category-politica","category-ultima-hora"],"_links":{"self":[{"href":"https:\/\/diarioregionaldigital.com.br\/index.php?rest_route=\/wp\/v2\/posts\/219180","targetHints":{"allow":["GET"]}}],"collection":[{"href":"https:\/\/diarioregionaldigital.com.br\/index.php?rest_route=\/wp\/v2\/posts"}],"about":[{"href":"https:\/\/diarioregionaldigital.com.br\/index.php?rest_route=\/wp\/v2\/types\/post"}],"author":[{"embeddable":true,"href":"https:\/\/diarioregionaldigital.com.br\/index.php?rest_route=\/wp\/v2\/users\/246"}],"replies":[{"embeddable":true,"href":"https:\/\/diarioregionaldigital.com.br\/index.php?rest_route=%2Fwp%2Fv2%2Fcomments&post=219180"}],"version-history":[{"count":1,"href":"https:\/\/diarioregionaldigital.com.br\/index.php?rest_route=\/wp\/v2\/posts\/219180\/revisions"}],"predecessor-version":[{"id":219182,"href":"https:\/\/diarioregionaldigital.com.br\/index.php?rest_route=\/wp\/v2\/posts\/219180\/revisions\/219182"}],"wp:featuredmedia":[{"embeddable":true,"href":"https:\/\/diarioregionaldigital.com.br\/index.php?rest_route=\/wp\/v2\/media\/219181"}],"wp:attachment":[{"href":"https:\/\/diarioregionaldigital.com.br\/index.php?rest_route=%2Fwp%2Fv2%2Fmedia&parent=219180"}],"wp:term":[{"taxonomy":"category","embeddable":true,"href":"https:\/\/diarioregionaldigital.com.br\/index.php?rest_route=%2Fwp%2Fv2%2Fcategories&post=219180"},{"taxonomy":"post_tag","embeddable":true,"href":"https:\/\/diarioregionaldigital.com.br\/index.php?rest_route=%2Fwp%2Fv2%2Ftags&post=219180"}],"curies":[{"name":"wp","href":"https:\/\/api.w.org\/{rel}","templated":true}]}}