{"id":219169,"date":"2023-11-05T06:00:35","date_gmt":"2023-11-05T09:00:35","guid":{"rendered":"https:\/\/diarioregionaldigital.com.br\/?p=219169"},"modified":"2023-11-04T17:11:17","modified_gmt":"2023-11-04T20:11:17","slug":"a-perda-de-danilo-miranda","status":"publish","type":"post","link":"https:\/\/diarioregionaldigital.com.br\/?p=219169","title":{"rendered":"A perda de Danilo Miranda"},"content":{"rendered":"<p>Durante quase 40 anos, Danilo Santos de Miranda comandou as atividades do SESC S\u00e3o Paulo. Foi o bra\u00e7o direito de Abram Szajmann na dire\u00e7\u00e3o da entidade, com feitos extraordin\u00e1rios para a cultura do pa\u00eds.<\/p>\n<p>De causa desconhecida, veio a falecer, deixando \u00f3rf\u00e3os seus familiares e amigos. Era uma figura extremamente simp\u00e1tica, doce no trato, que marcou presen\u00e7a, pelos seus feitos, na cena cultural, como foi o caso dos vitoriosos Sesc. Tinha orgulho de ser natural da cidade fluminense de Campos dos Goitacazes, onde nasceu em 1943.<\/p>\n<p>A fam\u00edlia o induziu a estudar para padre, em Friburgo, depois Itaici(SP). Abandonou a batina aos 24 anos. Passou num concurso para orientador social do Sesc, do qual se tornou diretor regional desde 1984, com uma carreira brilhante, grandemente impulsionada pela sua forma\u00e7\u00e3o em filosofia e sociologia.<\/p>\n<p>Para a atriz Bia Lessa, Danilo era doce e implac\u00e1vel, \u00a0na defesa dos seus princ\u00edpios. Foi enterrado com a bandeira do seu Fluminense querido.<\/p>\n<p>Muitas vezes foi cotado para ser Ministro da Cultura. N\u00e3o sabemos o que teria sido a sua gest\u00e3o. Possivelmente, faria o sucesso de sempre. Tinha um acentuado esp\u00edrito empreendedor e uma not\u00f3ria vis\u00e3o humanista. Foi, enfim, o principal gestor cultural do nosso Pa\u00eds.<\/p>\n<p>Esporte, lazer, arte e alimenta\u00e7\u00e3o firmaram o embasamento dos muitos Sesc por ele inaugurado no Estado de S\u00e3o Paulo, em meio a uma car\u00eancia que ele soube enfrentar com coragem e compet\u00eancia. O seu campo de atua\u00e7\u00e3o ia do erudito ao popular, com um apreci\u00e1vel perfeccionismo.<\/p>\n<p>Para a Ministra da Cultura, Margareth Menezes, Danilo reinventou a forma de fazer cultura no Brasil. Ele trouxe a causa ind\u00edgena para dentro do Sesc e a luta contra o racismo est\u00e1 presente em todas as suas unidades. Cultura e Arte v\u00e3o dever muito a ele.<\/p>\n<p>Das 41 unidades do Sesc\/SP, na gest\u00e3o de Danilo foram inauguradas nada menos de 26(21 s\u00e3o teatros). Uma prova da qualidade do seu trabalho.<\/p>\n","protected":false},"excerpt":{"rendered":"<p>Durante quase 40 anos, Danilo Santos de Miranda comandou as atividades do SESC S\u00e3o Paulo. Foi o bra\u00e7o direito de Abram Szajmann na dire\u00e7\u00e3o da entidade, com feitos extraordin\u00e1rios para a cultura do pa\u00eds. De causa desconhecida, veio a falecer, deixando \u00f3rf\u00e3os seus familiares e amigos. Era uma figura extremamente simp\u00e1tica, doce no trato, que [&hellip;]<\/p>\n","protected":false},"author":96,"featured_media":0,"comment_status":"closed","ping_status":"closed","sticky":false,"template":"","format":"standard","meta":{"footnotes":""},"categories":[275],"tags":[],"class_list":["post-219169","post","type-post","status-publish","format-standard","hentry","category-arnaldo-niskier"],"_links":{"self":[{"href":"https:\/\/diarioregionaldigital.com.br\/index.php?rest_route=\/wp\/v2\/posts\/219169","targetHints":{"allow":["GET"]}}],"collection":[{"href":"https:\/\/diarioregionaldigital.com.br\/index.php?rest_route=\/wp\/v2\/posts"}],"about":[{"href":"https:\/\/diarioregionaldigital.com.br\/index.php?rest_route=\/wp\/v2\/types\/post"}],"author":[{"embeddable":true,"href":"https:\/\/diarioregionaldigital.com.br\/index.php?rest_route=\/wp\/v2\/users\/96"}],"replies":[{"embeddable":true,"href":"https:\/\/diarioregionaldigital.com.br\/index.php?rest_route=%2Fwp%2Fv2%2Fcomments&post=219169"}],"version-history":[{"count":1,"href":"https:\/\/diarioregionaldigital.com.br\/index.php?rest_route=\/wp\/v2\/posts\/219169\/revisions"}],"predecessor-version":[{"id":219170,"href":"https:\/\/diarioregionaldigital.com.br\/index.php?rest_route=\/wp\/v2\/posts\/219169\/revisions\/219170"}],"wp:attachment":[{"href":"https:\/\/diarioregionaldigital.com.br\/index.php?rest_route=%2Fwp%2Fv2%2Fmedia&parent=219169"}],"wp:term":[{"taxonomy":"category","embeddable":true,"href":"https:\/\/diarioregionaldigital.com.br\/index.php?rest_route=%2Fwp%2Fv2%2Fcategories&post=219169"},{"taxonomy":"post_tag","embeddable":true,"href":"https:\/\/diarioregionaldigital.com.br\/index.php?rest_route=%2Fwp%2Fv2%2Ftags&post=219169"}],"curies":[{"name":"wp","href":"https:\/\/api.w.org\/{rel}","templated":true}]}}