{"id":219157,"date":"2023-11-04T01:03:45","date_gmt":"2023-11-04T04:03:45","guid":{"rendered":"https:\/\/diarioregionaldigital.com.br\/?p=219157"},"modified":"2023-11-04T01:03:45","modified_gmt":"2023-11-04T04:03:45","slug":"ginastica-ritmica-do-brasil-tem-jornada-dourada-no-pan-de-santiago","status":"publish","type":"post","link":"https:\/\/diarioregionaldigital.com.br\/?p=219157","title":{"rendered":"Gin\u00e1stica r\u00edtmica do Brasil tem jornada dourada no Pan de Santiago"},"content":{"rendered":"<p>A sele\u00e7\u00e3o brasileira de gin\u00e1stica r\u00edtmica teve mais uma jornada dourada, nesta sexta-feira (3), na atual edi\u00e7\u00e3o dos Jogos Pan-Americanos. Um dia ap\u00f3s garantir o ouro na \u00faltima quinta (2) na disputa do conjunto geral em Santiago (Chile), a equipe comandada pela t\u00e9cnica Camila Ferezin conquistou a medalha de ouro na s\u00e9rie de cinco arcos ao som de\u00a0<em>I Wanna Dance with Somebody<\/em>, de Whitney Houston.<img decoding=\"async\" src=\"https:\/\/agenciabrasil.ebc.com.br\/ebc.png?id=1564460&amp;o=node\" \/><img decoding=\"async\" src=\"https:\/\/agenciabrasil.ebc.com.br\/ebc.gif?id=1564460&amp;o=node\" \/><\/p>\n<p>\u201cConquistamos mais um ouro. Fizemos uma s\u00e9rie muito boa. Consequentemente, a nota foi maior. Estamos muito felizes e gratas, principalmente pela torcida dos brasileiros, que sempre nos ajudaram muito em nossas apresenta\u00e7\u00f5es\u201d, declarou Gabriella Coradine, que, ao lado de B\u00e1rbara Galv\u00e3o, Giovanna Oliveira, Nicole P\u00edrcio e Vict\u00f3ria Borges, ainda tem a possibilidade de lutar pelo lugar mais alto no p\u00f3dio na s\u00e9rie mista.<\/p>\n<p>Mas o brilho do Brasil na competi\u00e7\u00e3o n\u00e3o se limitou \u00e0s disputas coletivas. No individual geral, B\u00e1rbara Domingos garantiu o ouro, enquanto Maria Eduarda Alexandre garantiu a prata. Nesta sexta as duas atletas garantiram outra dobradinha, mas no arco, com Maria Eduarda ficando no lugar mais alto do p\u00f3dio e B\u00e1rbara terminando em segundo.<\/p>\n<p>Na bola B\u00e1rbara Domingos voltou a demonstrar o momento especial que vive ao garantir o ouro, sendo seguida por Geovanna Santos, que ficou com a prata.<\/p>\n<p><span style=\"font-weight: 400;\">Fonte: Ag\u00eancia Brasil <\/span><\/p>\n","protected":false},"excerpt":{"rendered":"<p>A sele\u00e7\u00e3o brasileira de gin\u00e1stica r\u00edtmica teve mais uma jornada dourada, nesta sexta-feira (3), na atual edi\u00e7\u00e3o dos Jogos Pan-Americanos. Um dia ap\u00f3s garantir o ouro na \u00faltima quinta (2) na disputa do conjunto geral em Santiago (Chile), a equipe comandada pela t\u00e9cnica Camila Ferezin conquistou a medalha de ouro na s\u00e9rie de cinco arcos [&hellip;]<\/p>\n","protected":false},"author":246,"featured_media":219158,"comment_status":"closed","ping_status":"closed","sticky":false,"template":"","format":"standard","meta":{"footnotes":""},"categories":[436,257,439],"tags":[],"class_list":["post-219157","post","type-post","status-publish","format-standard","has-post-thumbnail","hentry","category-destaque-da-semana","category-esporte","category-ultima-hora"],"_links":{"self":[{"href":"https:\/\/diarioregionaldigital.com.br\/index.php?rest_route=\/wp\/v2\/posts\/219157","targetHints":{"allow":["GET"]}}],"collection":[{"href":"https:\/\/diarioregionaldigital.com.br\/index.php?rest_route=\/wp\/v2\/posts"}],"about":[{"href":"https:\/\/diarioregionaldigital.com.br\/index.php?rest_route=\/wp\/v2\/types\/post"}],"author":[{"embeddable":true,"href":"https:\/\/diarioregionaldigital.com.br\/index.php?rest_route=\/wp\/v2\/users\/246"}],"replies":[{"embeddable":true,"href":"https:\/\/diarioregionaldigital.com.br\/index.php?rest_route=%2Fwp%2Fv2%2Fcomments&post=219157"}],"version-history":[{"count":1,"href":"https:\/\/diarioregionaldigital.com.br\/index.php?rest_route=\/wp\/v2\/posts\/219157\/revisions"}],"predecessor-version":[{"id":219159,"href":"https:\/\/diarioregionaldigital.com.br\/index.php?rest_route=\/wp\/v2\/posts\/219157\/revisions\/219159"}],"wp:featuredmedia":[{"embeddable":true,"href":"https:\/\/diarioregionaldigital.com.br\/index.php?rest_route=\/wp\/v2\/media\/219158"}],"wp:attachment":[{"href":"https:\/\/diarioregionaldigital.com.br\/index.php?rest_route=%2Fwp%2Fv2%2Fmedia&parent=219157"}],"wp:term":[{"taxonomy":"category","embeddable":true,"href":"https:\/\/diarioregionaldigital.com.br\/index.php?rest_route=%2Fwp%2Fv2%2Fcategories&post=219157"},{"taxonomy":"post_tag","embeddable":true,"href":"https:\/\/diarioregionaldigital.com.br\/index.php?rest_route=%2Fwp%2Fv2%2Ftags&post=219157"}],"curies":[{"name":"wp","href":"https:\/\/api.w.org\/{rel}","templated":true}]}}