{"id":219148,"date":"2023-11-04T00:49:29","date_gmt":"2023-11-04T03:49:29","guid":{"rendered":"https:\/\/diarioregionaldigital.com.br\/?p=219148"},"modified":"2023-11-04T00:49:29","modified_gmt":"2023-11-04T03:49:29","slug":"governo-busca-eficiencia-na-execucao-do-gasto-publico-afirma-ministro","status":"publish","type":"post","link":"https:\/\/diarioregionaldigital.com.br\/?p=219148","title":{"rendered":"Governo busca efici\u00eancia na execu\u00e7\u00e3o do gasto p\u00fablico, afirma ministro"},"content":{"rendered":"<p>O ministro da Casa Civil, Rui Costa, garantiu que o governo respeitar\u00e1 o teto de gastos previstos no arcabou\u00e7o fiscal. A afirma\u00e7\u00e3o foi feita nesta sexta-feira (3), ap\u00f3s a reuni\u00e3o do presidente Luiz In\u00e1cio Lula da Silva com ministros de pastas ligadas ao novo Programa de Acelera\u00e7\u00e3o do Crescimento (PAC).<img decoding=\"async\" src=\"https:\/\/agenciabrasil.ebc.com.br\/ebc.png?id=1564412&amp;o=node\" \/><img decoding=\"async\" src=\"https:\/\/agenciabrasil.ebc.com.br\/ebc.gif?id=1564412&amp;o=node\" \/><\/p>\n<p>Costa buscou explicar a declara\u00e7\u00e3o feita no in\u00edcio da reuni\u00e3o pelo presidente Lula, na qual ele defendeu o uso de todos recursos previstos no Or\u00e7amento para garantir a conclus\u00e3o de obras de infraestrutura, sa\u00fade e educa\u00e7\u00e3o.<\/p>\n<p>Segundo Costa, exatamente por j\u00e1 estarem previstos, esses recursos n\u00e3o colocam em risco a meta de d\u00e9ficit zero.<\/p>\n<p>\u201cLi alguns textos da imprensa a partir dessa declara\u00e7\u00e3o do presidente. Acho que talvez n\u00e3o tenha ficado suficientemente claro, por mais debate que o pa\u00eds tenha feito. Os artigos tentam fazer um contraponto entre uma parte do governo que \u00e9 gastadora e outra que \u00e9 poupadora. Mas n\u00e3o h\u00e1 essa dicotomia porque n\u00e3o h\u00e1 nenhuma possibilidade de aumentarmos o gasto, porque o arcabou\u00e7o n\u00e3o permite\u201d, disse Rui Costa.<\/p>\n<p>Segundo ele, o que o presidente defendeu \u201c\u00e9 a efici\u00eancia na execu\u00e7\u00e3o do gasto p\u00fablico\u201d. \u201cSe tem uma escola que foi iniciada; um hospital que foi iniciado, eles t\u00eam de ser conclu\u00eddos porque temos de servir a popula\u00e7\u00e3o. N\u00e3o adianta ficar com o dinheiro no caixa do minist\u00e9rio e o povo sem escola; sem sa\u00fade; sem a estrada feita. Foi essa a palavra do presidente, o que n\u00e3o tem absolutamente nada a ver com eleva\u00e7\u00e3o de gasto p\u00fablico\u201d, acrescentou.<\/p>\n<p>Lula\u00a0<a href=\"https:\/\/agenciabrasil.ebc.com.br\/politica\/noticia\/2023-11\/lula-pede-que-obras-avancem-sem-repetir-possiveis-equivocos\" target=\"_blank\" rel=\"noopener\">disse mais cedo\u00a0<\/a>que as obras planejadas pelo governo para o pa\u00eds precisam avan\u00e7ar, mas \u201csem repetir poss\u00edveis equ\u00edvocos\u201d que porventura tenham sido identificados neste in\u00edcio de gest\u00e3o. Lula acrescentou que \u00e9 papel do Executivo melhorar a vida das pessoas, e que o governo assumiu o compromisso de \u201ctirar o Brasil da letargia em que estava\u201d.<\/p>\n<p><span style=\"font-weight: 400;\"><br \/>\n<\/span><span style=\"font-weight: 400;\">Fonte: Ag\u00eancia Brasil <\/span><\/p>\n","protected":false},"excerpt":{"rendered":"<p>O ministro da Casa Civil, Rui Costa, garantiu que o governo respeitar\u00e1 o teto de gastos previstos no arcabou\u00e7o fiscal. A afirma\u00e7\u00e3o foi feita nesta sexta-feira (3), ap\u00f3s a reuni\u00e3o do presidente Luiz In\u00e1cio Lula da Silva com ministros de pastas ligadas ao novo Programa de Acelera\u00e7\u00e3o do Crescimento (PAC). Costa buscou explicar a declara\u00e7\u00e3o [&hellip;]<\/p>\n","protected":false},"author":246,"featured_media":219149,"comment_status":"closed","ping_status":"closed","sticky":false,"template":"","format":"standard","meta":{"footnotes":""},"categories":[436,440,254,439],"tags":[],"class_list":["post-219148","post","type-post","status-publish","format-standard","has-post-thumbnail","hentry","category-destaque-da-semana","category-destaques-do-dia","category-politica","category-ultima-hora"],"_links":{"self":[{"href":"https:\/\/diarioregionaldigital.com.br\/index.php?rest_route=\/wp\/v2\/posts\/219148","targetHints":{"allow":["GET"]}}],"collection":[{"href":"https:\/\/diarioregionaldigital.com.br\/index.php?rest_route=\/wp\/v2\/posts"}],"about":[{"href":"https:\/\/diarioregionaldigital.com.br\/index.php?rest_route=\/wp\/v2\/types\/post"}],"author":[{"embeddable":true,"href":"https:\/\/diarioregionaldigital.com.br\/index.php?rest_route=\/wp\/v2\/users\/246"}],"replies":[{"embeddable":true,"href":"https:\/\/diarioregionaldigital.com.br\/index.php?rest_route=%2Fwp%2Fv2%2Fcomments&post=219148"}],"version-history":[{"count":1,"href":"https:\/\/diarioregionaldigital.com.br\/index.php?rest_route=\/wp\/v2\/posts\/219148\/revisions"}],"predecessor-version":[{"id":219150,"href":"https:\/\/diarioregionaldigital.com.br\/index.php?rest_route=\/wp\/v2\/posts\/219148\/revisions\/219150"}],"wp:featuredmedia":[{"embeddable":true,"href":"https:\/\/diarioregionaldigital.com.br\/index.php?rest_route=\/wp\/v2\/media\/219149"}],"wp:attachment":[{"href":"https:\/\/diarioregionaldigital.com.br\/index.php?rest_route=%2Fwp%2Fv2%2Fmedia&parent=219148"}],"wp:term":[{"taxonomy":"category","embeddable":true,"href":"https:\/\/diarioregionaldigital.com.br\/index.php?rest_route=%2Fwp%2Fv2%2Fcategories&post=219148"},{"taxonomy":"post_tag","embeddable":true,"href":"https:\/\/diarioregionaldigital.com.br\/index.php?rest_route=%2Fwp%2Fv2%2Ftags&post=219148"}],"curies":[{"name":"wp","href":"https:\/\/api.w.org\/{rel}","templated":true}]}}