{"id":219142,"date":"2023-11-04T00:31:58","date_gmt":"2023-11-04T03:31:58","guid":{"rendered":"https:\/\/diarioregionaldigital.com.br\/?p=219142"},"modified":"2023-11-04T00:31:58","modified_gmt":"2023-11-04T03:31:58","slug":"dolar-cai-para-r-489-e-bolsa-tem-maior-alta-em-6-meses","status":"publish","type":"post","link":"https:\/\/diarioregionaldigital.com.br\/?p=219142","title":{"rendered":"D\u00f3lar cai para R$ 4,89 e bolsa tem maior alta em 6 meses"},"content":{"rendered":"<p>A divulga\u00e7\u00e3o de dados fracos da economia dos Estados Unidos fez o mercado financeiro ter um dia de euforia. O d\u00f3lar fechou abaixo de R$ 4,90 pela primeira vez em mais de 40 dias. A bolsa de valores teve a maior alta di\u00e1ria em 6 meses.<img decoding=\"async\" src=\"https:\/\/agenciabrasil.ebc.com.br\/ebc.png?id=1564419&amp;o=node\" \/><img decoding=\"async\" src=\"https:\/\/agenciabrasil.ebc.com.br\/ebc.gif?id=1564419&amp;o=node\" \/><\/p>\n<p>O d\u00f3lar comercial encerrou esta sexta-feira (3) vendido a R$ 4,896, com recuo de R$ 0,068 (1,54%). A moeda abriu em baixa e intensificou a queda ap\u00f3s a publica\u00e7\u00e3o de dados de emprego nos Estados Unidos. Na m\u00ednima do dia, por volta das 9h50, a cota\u00e7\u00e3o chegou a R$ 4,87.<\/p>\n<p>Com o desempenho desta sexta-feira, a moeda norte-americana caiu 2,88% apenas nos tr\u00eas primeiros dias de novembro. Este ano, a divisa acumula baixa de 7,27%. O d\u00f3lar est\u00e1 no menor valor desde 20 de setembro, quando tinha fechado vendido a R$ 4,88.<\/p>\n<p>No mercado de a\u00e7\u00f5es, o dia foi marcado por fortes ganhos. O \u00edndice Ibovespa, da B3, fechou o dia aos 118.160 pontos, com forte alta de 2,7%. Esse foi o maior ganho di\u00e1rio desde 5 de maio. O indicador tamb\u00e9m est\u00e1 no n\u00edvel mais alto desde 20 de setembro.<\/p>\n<p>Em todo o planeta, o d\u00f3lar caiu e as bolsas subiram ap\u00f3s a divulga\u00e7\u00e3o de que a economia norte-americana criou menos empregos que o previsto em outubro. No m\u00eas passado, os Estados Unidos abriram 150 mil postos de trabalho, menos que os 180 mil previstos.<\/p>\n<p>A not\u00edcia reduziu as expectativas de que o Federal Reserve (Fed, Banco Central norte-americano) eleve os juros b\u00e1sicos da maior economia do planeta antes do fim do ano. Isso porque os n\u00fameros fracos indicam que as altas de juros em vigor desde o in\u00edcio do ano passado surtiram efeito para conter a infla\u00e7\u00e3o nos Estados Unidos. Taxas menos altas em economias avan\u00e7adas estimulam a aplica\u00e7\u00e3o de recursos em pa\u00edses emergentes, como o Brasil.<\/p>\n<p>Mesmo com o agravamento do conflito entre Israel e o grupo palestino Hamas, o mercado financeiro ainda n\u00e3o sofreu turbul\u00eancias significativas porque a guerra, a menos que se alastre pelo Oriente M\u00e9dio, tem pequeno impacto na produ\u00e7\u00e3o de petr\u00f3leo.<\/p>\n<p><span style=\"font-weight: 400;\">Fonte: Ag\u00eancia Brasil <\/span><\/p>\n","protected":false},"excerpt":{"rendered":"<p>A divulga\u00e7\u00e3o de dados fracos da economia dos Estados Unidos fez o mercado financeiro ter um dia de euforia. O d\u00f3lar fechou abaixo de R$ 4,90 pela primeira vez em mais de 40 dias. A bolsa de valores teve a maior alta di\u00e1ria em 6 meses. O d\u00f3lar comercial encerrou esta sexta-feira (3) vendido a [&hellip;]<\/p>\n","protected":false},"author":246,"featured_media":219143,"comment_status":"closed","ping_status":"closed","sticky":false,"template":"","format":"standard","meta":{"footnotes":""},"categories":[436,440,261,439],"tags":[],"class_list":["post-219142","post","type-post","status-publish","format-standard","has-post-thumbnail","hentry","category-destaque-da-semana","category-destaques-do-dia","category-economia","category-ultima-hora"],"_links":{"self":[{"href":"https:\/\/diarioregionaldigital.com.br\/index.php?rest_route=\/wp\/v2\/posts\/219142","targetHints":{"allow":["GET"]}}],"collection":[{"href":"https:\/\/diarioregionaldigital.com.br\/index.php?rest_route=\/wp\/v2\/posts"}],"about":[{"href":"https:\/\/diarioregionaldigital.com.br\/index.php?rest_route=\/wp\/v2\/types\/post"}],"author":[{"embeddable":true,"href":"https:\/\/diarioregionaldigital.com.br\/index.php?rest_route=\/wp\/v2\/users\/246"}],"replies":[{"embeddable":true,"href":"https:\/\/diarioregionaldigital.com.br\/index.php?rest_route=%2Fwp%2Fv2%2Fcomments&post=219142"}],"version-history":[{"count":1,"href":"https:\/\/diarioregionaldigital.com.br\/index.php?rest_route=\/wp\/v2\/posts\/219142\/revisions"}],"predecessor-version":[{"id":219144,"href":"https:\/\/diarioregionaldigital.com.br\/index.php?rest_route=\/wp\/v2\/posts\/219142\/revisions\/219144"}],"wp:featuredmedia":[{"embeddable":true,"href":"https:\/\/diarioregionaldigital.com.br\/index.php?rest_route=\/wp\/v2\/media\/219143"}],"wp:attachment":[{"href":"https:\/\/diarioregionaldigital.com.br\/index.php?rest_route=%2Fwp%2Fv2%2Fmedia&parent=219142"}],"wp:term":[{"taxonomy":"category","embeddable":true,"href":"https:\/\/diarioregionaldigital.com.br\/index.php?rest_route=%2Fwp%2Fv2%2Fcategories&post=219142"},{"taxonomy":"post_tag","embeddable":true,"href":"https:\/\/diarioregionaldigital.com.br\/index.php?rest_route=%2Fwp%2Fv2%2Ftags&post=219142"}],"curies":[{"name":"wp","href":"https:\/\/api.w.org\/{rel}","templated":true}]}}