{"id":219138,"date":"2023-11-02T05:27:12","date_gmt":"2023-11-02T08:27:12","guid":{"rendered":"https:\/\/diarioregionaldigital.com.br\/?p=219138"},"modified":"2023-11-02T05:27:12","modified_gmt":"2023-11-02T08:27:12","slug":"associacao-dos-proprietarios-do-alto-dos-pinheiros-02-11-2023","status":"publish","type":"post","link":"https:\/\/diarioregionaldigital.com.br\/?p=219138","title":{"rendered":"Associa\u00e7\u00e3o dos Propriet\u00e1rios do Alto dos Pinheiros &#8211; 02\/11\/2023"},"content":{"rendered":"<p><img loading=\"lazy\" decoding=\"async\" class=\"aligncenter wp-image-219139\" src=\"https:\/\/diarioregionaldigital.com.br\/wp-content\/uploads\/2023\/11\/Convocacao-AGE-17112023-APAP.jpg\" alt=\"\" width=\"500\" height=\"517\" srcset=\"https:\/\/diarioregionaldigital.com.br\/wp-content\/uploads\/2023\/11\/Convocacao-AGE-17112023-APAP.jpg 2128w, https:\/\/diarioregionaldigital.com.br\/wp-content\/uploads\/2023\/11\/Convocacao-AGE-17112023-APAP-290x300.jpg 290w, https:\/\/diarioregionaldigital.com.br\/wp-content\/uploads\/2023\/11\/Convocacao-AGE-17112023-APAP-991x1024.jpg 991w, https:\/\/diarioregionaldigital.com.br\/wp-content\/uploads\/2023\/11\/Convocacao-AGE-17112023-APAP-768x794.jpg 768w, https:\/\/diarioregionaldigital.com.br\/wp-content\/uploads\/2023\/11\/Convocacao-AGE-17112023-APAP-1486x1536.jpg 1486w, https:\/\/diarioregionaldigital.com.br\/wp-content\/uploads\/2023\/11\/Convocacao-AGE-17112023-APAP-1982x2048.jpg 1982w, https:\/\/diarioregionaldigital.com.br\/wp-content\/uploads\/2023\/11\/Convocacao-AGE-17112023-APAP-360x372.jpg 360w\" sizes=\"auto, (max-width: 500px) 100vw, 500px\" \/><\/p>\n","protected":false},"excerpt":{"rendered":"","protected":false},"author":96,"featured_media":0,"comment_status":"closed","ping_status":"closed","sticky":false,"template":"","format":"standard","meta":{"footnotes":""},"categories":[307],"tags":[],"class_list":["post-219138","post","type-post","status-publish","format-standard","hentry","category-editais"],"_links":{"self":[{"href":"https:\/\/diarioregionaldigital.com.br\/index.php?rest_route=\/wp\/v2\/posts\/219138","targetHints":{"allow":["GET"]}}],"collection":[{"href":"https:\/\/diarioregionaldigital.com.br\/index.php?rest_route=\/wp\/v2\/posts"}],"about":[{"href":"https:\/\/diarioregionaldigital.com.br\/index.php?rest_route=\/wp\/v2\/types\/post"}],"author":[{"embeddable":true,"href":"https:\/\/diarioregionaldigital.com.br\/index.php?rest_route=\/wp\/v2\/users\/96"}],"replies":[{"embeddable":true,"href":"https:\/\/diarioregionaldigital.com.br\/index.php?rest_route=%2Fwp%2Fv2%2Fcomments&post=219138"}],"version-history":[{"count":1,"href":"https:\/\/diarioregionaldigital.com.br\/index.php?rest_route=\/wp\/v2\/posts\/219138\/revisions"}],"predecessor-version":[{"id":219140,"href":"https:\/\/diarioregionaldigital.com.br\/index.php?rest_route=\/wp\/v2\/posts\/219138\/revisions\/219140"}],"wp:attachment":[{"href":"https:\/\/diarioregionaldigital.com.br\/index.php?rest_route=%2Fwp%2Fv2%2Fmedia&parent=219138"}],"wp:term":[{"taxonomy":"category","embeddable":true,"href":"https:\/\/diarioregionaldigital.com.br\/index.php?rest_route=%2Fwp%2Fv2%2Fcategories&post=219138"},{"taxonomy":"post_tag","embeddable":true,"href":"https:\/\/diarioregionaldigital.com.br\/index.php?rest_route=%2Fwp%2Fv2%2Ftags&post=219138"}],"curies":[{"name":"wp","href":"https:\/\/api.w.org\/{rel}","templated":true}]}}