{"id":219118,"date":"2023-11-02T01:36:14","date_gmt":"2023-11-02T04:36:14","guid":{"rendered":"https:\/\/diarioregionaldigital.com.br\/?p=219118"},"modified":"2023-11-02T01:36:14","modified_gmt":"2023-11-02T04:36:14","slug":"estado-discute-regularizacao-ambiental-na-piscicultura-na-zona-da-mata","status":"publish","type":"post","link":"https:\/\/diarioregionaldigital.com.br\/?p=219118","title":{"rendered":"Estado discute regulariza\u00e7\u00e3o ambiental na piscicultura na Zona da Mata"},"content":{"rendered":"<p><span style=\"font-weight: 400;\">O<a href=\"https:\/\/www.mg.gov.br\/\" target=\"_blank\" rel=\"noopener\">\u00a0Governo de Minas<\/a>, por meio das secretarias de<a href=\"https:\/\/www.mg.gov.br\/agricultura\" target=\"_blank\" rel=\"noopener\">\u00a0Agricultura, Pecu\u00e1ria e Abastecimento (Seapa)<\/a>\u00a0e de\u00a0<a href=\"http:\/\/www.meioambiente.mg.gov.br\/\" target=\"_blank\" rel=\"noopener\">Meio Ambiente e Desenvolvimento Sustent\u00e1vel (Semad)<\/a>, em parceria com a Associa\u00e7\u00e3o dos Aquicultores e Empresas e Especializadas de Minas Gerais (Peixe MG), realizou dois encontros com t\u00e9cnicos e lideran\u00e7as dos munic\u00edpios de Muria\u00e9 e Miradouro, na Zona da Mata. O objetivo \u00e9 melhorar o processo de regulariza\u00e7\u00e3o ambiental na piscicultura &#8211; procedimento obrigat\u00f3rio para a explora\u00e7\u00e3o e o cultivo de peixes.<\/p>\n<p>Na avalia\u00e7\u00e3o do assessor t\u00e9cnico da Seapa, Frederico Ozanam de Souza, o alinhamento entre os \u00f3rg\u00e3os \u00e9 fundamental.<\/p>\n<p>\u201cEsses dois encontros possibilitaram uma aproxima\u00e7\u00e3o entre os \u00f3rg\u00e3os estaduais e municipais dos sistemas da Agricultura e de Meio Ambiente do Estado e associa\u00e7\u00f5es representativas dos piscicultores. Foi uma oportunidade discutir os processos e sugerir melhorias\u201d, afirma.<\/p>\n<p>&#8220;Tivemos a oportunidade de fazer diversos encaminhamentos conjuntos, como um projeto educativo de difus\u00e3o das normas ambientais para a regulariza\u00e7\u00e3o\u201d, complementa a coordenadora regional do Instituto Mineiro de Agropecu\u00e1ria em Vi\u00e7osa, Maria Jos\u00e9 Novaes.<\/p>\n<p><strong>Piscicultura ornamental\u00a0<\/strong><\/p>\n<p>A Zona da Mata mineira se destaca como o principal polo de piscicultura ornamental do pa\u00eds, com produ\u00e7\u00e3o anual de mais de 10 milh\u00f5es de peixes, respondendo por 70% do total nacional.<\/p>\n<p>De acordo com a Associa\u00e7\u00e3o dos Aquicultores de Minas Gerais, a regi\u00e3o conta com mais de 300 fam\u00edlias trabalhando diretamente na atividade e gera renda total aproximada de R$ 15 milh\u00f5es por ano.<\/p>\n<p>Para o chefe da Unidade Regional de Regulariza\u00e7\u00e3o Ambiental, Dorgival da Silva, essa aproxima\u00e7\u00e3o entre \u00f3rg\u00e3os governamentais \u00e9 necess\u00e1ria para a promo\u00e7\u00e3o da atividade sustent\u00e1vel e licenciada.<\/p>\n<p>\u201cEsse evento nos levou a pensar em inova\u00e7\u00f5es e em defini\u00e7\u00f5es de agendas, conciliando produtividade e lucratividade, com gera\u00e7\u00e3o de empregos, crescimento social e preservando o meio ambiente, como um selo unificado de boas pr\u00e1ticas\u201d, avalia Dorgival.<\/p>\n<p>Fonte: Ag\u00eancia Minas <\/span><\/p>\n","protected":false},"excerpt":{"rendered":"<p>O\u00a0Governo de Minas, por meio das secretarias de\u00a0Agricultura, Pecu\u00e1ria e Abastecimento (Seapa)\u00a0e de\u00a0Meio Ambiente e Desenvolvimento Sustent\u00e1vel (Semad), em parceria com a Associa\u00e7\u00e3o dos Aquicultores e Empresas e Especializadas de Minas Gerais (Peixe MG), realizou dois encontros com t\u00e9cnicos e lideran\u00e7as dos munic\u00edpios de Muria\u00e9 e Miradouro, na Zona da Mata. O objetivo \u00e9 melhorar [&hellip;]<\/p>\n","protected":false},"author":246,"featured_media":219119,"comment_status":"closed","ping_status":"closed","sticky":false,"template":"","format":"standard","meta":{"footnotes":""},"categories":[436,254,439],"tags":[],"class_list":["post-219118","post","type-post","status-publish","format-standard","has-post-thumbnail","hentry","category-destaque-da-semana","category-politica","category-ultima-hora"],"_links":{"self":[{"href":"https:\/\/diarioregionaldigital.com.br\/index.php?rest_route=\/wp\/v2\/posts\/219118","targetHints":{"allow":["GET"]}}],"collection":[{"href":"https:\/\/diarioregionaldigital.com.br\/index.php?rest_route=\/wp\/v2\/posts"}],"about":[{"href":"https:\/\/diarioregionaldigital.com.br\/index.php?rest_route=\/wp\/v2\/types\/post"}],"author":[{"embeddable":true,"href":"https:\/\/diarioregionaldigital.com.br\/index.php?rest_route=\/wp\/v2\/users\/246"}],"replies":[{"embeddable":true,"href":"https:\/\/diarioregionaldigital.com.br\/index.php?rest_route=%2Fwp%2Fv2%2Fcomments&post=219118"}],"version-history":[{"count":1,"href":"https:\/\/diarioregionaldigital.com.br\/index.php?rest_route=\/wp\/v2\/posts\/219118\/revisions"}],"predecessor-version":[{"id":219120,"href":"https:\/\/diarioregionaldigital.com.br\/index.php?rest_route=\/wp\/v2\/posts\/219118\/revisions\/219120"}],"wp:featuredmedia":[{"embeddable":true,"href":"https:\/\/diarioregionaldigital.com.br\/index.php?rest_route=\/wp\/v2\/media\/219119"}],"wp:attachment":[{"href":"https:\/\/diarioregionaldigital.com.br\/index.php?rest_route=%2Fwp%2Fv2%2Fmedia&parent=219118"}],"wp:term":[{"taxonomy":"category","embeddable":true,"href":"https:\/\/diarioregionaldigital.com.br\/index.php?rest_route=%2Fwp%2Fv2%2Fcategories&post=219118"},{"taxonomy":"post_tag","embeddable":true,"href":"https:\/\/diarioregionaldigital.com.br\/index.php?rest_route=%2Fwp%2Fv2%2Ftags&post=219118"}],"curies":[{"name":"wp","href":"https:\/\/api.w.org\/{rel}","templated":true}]}}