{"id":219100,"date":"2023-11-01T01:41:06","date_gmt":"2023-11-01T04:41:06","guid":{"rendered":"https:\/\/diarioregionaldigital.com.br\/?p=219100"},"modified":"2023-11-01T01:42:03","modified_gmt":"2023-11-01T04:42:03","slug":"prefeita-encaminha-a-camara-municipal-projeto-de-lei-do-plano-municipal-de-esporte-e-lazer","status":"publish","type":"post","link":"https:\/\/diarioregionaldigital.com.br\/?p=219100","title":{"rendered":"Prefeita encaminha \u00e0 C\u00e2mara Municipal projeto de lei do Plano Municipal de Esporte e Lazer"},"content":{"rendered":"<p><span style=\"font-weight: 400;\">\u00a0Segundo informa\u00e7\u00f5es do site da Prefeitura de Juiz de Fora (PJF), a<\/span>\u00a0prefeita de Juiz de Fora, Margarida Salom\u00e3o, e o Secret\u00e1rio de Esporte e Lazer, Marcelo Matta, encaminharam para a C\u00e2mara Municipal nesta ter\u00e7a-feira, 31, o projeto de lei sobre o Plano Municipal de Esporte e Lazer, que estabelece pol\u00edticas p\u00fablicas para o desenvolvimento do esporte e do lazer da cidade. O plano foi constru\u00eddo atrav\u00e9s de um processo coletivo, atrav\u00e9s de f\u00f3runs internos e externos, di\u00e1logos com v\u00e1rias entidades pol\u00edticas e lideran\u00e7as esportivas de Juiz de Fora.<br \/>\nDe acordo com a prefeita, Margarida Salom\u00e3o, o Plano Municipal de Esporte e Lazer \u00e9 uma not\u00edcia espl\u00eandida. \u201cN\u00f3s estamos caminhando essa mensagem \u00e0 C\u00e2mara , que apresenta o plano, constru\u00eddo coletivamente, com a participa\u00e7\u00e3o democr\u00e1tica e que permite que a cidade de Juiz de Fora tenha um sistema municipal de esporte. Com isso, estamos nos modernizando e oferecendo a essa \u00e1rea important\u00edssima da conviv\u00eancia na cidade o tratamento democr\u00e1tico, sistem\u00e1tico, para que n\u00f3s de fato tenhamos o esporte e lazer como elemento, no desenvolvimento da nossa cidade\u201d.<br \/>\nO secret\u00e1rio de Esporte e Lazer, Marcelo Matta, ressaltou a \u201cfelicidade de estar enviando esse projeto de lei para a c\u00e2mara. \u00c9 um plano que estabelece pol\u00edticas p\u00fablicas para o desenvolvimento do esporte e do lazer da nossa cidade. Ele foi constru\u00eddo de maneira organizada e, principalmente, com interesse da cidade de Juiz de Fora.\u201d<br \/>\nDentro do plano, ser\u00e1 trabalhado o direito do esporte e do lazer que est\u00e1 na constitui\u00e7\u00e3o, uma maneira de educar as pessoas para poder se apropriar dessa cultura que \u00e9 o esporte, al\u00e9m de criar um ambiente em que a pessoa no momento de lazer possa optar pela pr\u00e1tica esportiva. O plano vai trabalhar tamb\u00e9m na melhoria da estrutura do esporte.<\/p>\n","protected":false},"excerpt":{"rendered":"<p>\u00a0Segundo informa\u00e7\u00f5es do site da Prefeitura de Juiz de Fora (PJF), a\u00a0prefeita de Juiz de Fora, Margarida Salom\u00e3o, e o Secret\u00e1rio de Esporte e Lazer, Marcelo Matta, encaminharam para a C\u00e2mara Municipal nesta ter\u00e7a-feira, 31, o projeto de lei sobre o Plano Municipal de Esporte e Lazer, que estabelece pol\u00edticas p\u00fablicas para o desenvolvimento do [&hellip;]<\/p>\n","protected":false},"author":246,"featured_media":219101,"comment_status":"closed","ping_status":"closed","sticky":false,"template":"","format":"standard","meta":{"footnotes":""},"categories":[253,436,439],"tags":[],"class_list":["post-219100","post","type-post","status-publish","format-standard","has-post-thumbnail","hentry","category-cidade","category-destaque-da-semana","category-ultima-hora"],"_links":{"self":[{"href":"https:\/\/diarioregionaldigital.com.br\/index.php?rest_route=\/wp\/v2\/posts\/219100","targetHints":{"allow":["GET"]}}],"collection":[{"href":"https:\/\/diarioregionaldigital.com.br\/index.php?rest_route=\/wp\/v2\/posts"}],"about":[{"href":"https:\/\/diarioregionaldigital.com.br\/index.php?rest_route=\/wp\/v2\/types\/post"}],"author":[{"embeddable":true,"href":"https:\/\/diarioregionaldigital.com.br\/index.php?rest_route=\/wp\/v2\/users\/246"}],"replies":[{"embeddable":true,"href":"https:\/\/diarioregionaldigital.com.br\/index.php?rest_route=%2Fwp%2Fv2%2Fcomments&post=219100"}],"version-history":[{"count":1,"href":"https:\/\/diarioregionaldigital.com.br\/index.php?rest_route=\/wp\/v2\/posts\/219100\/revisions"}],"predecessor-version":[{"id":219102,"href":"https:\/\/diarioregionaldigital.com.br\/index.php?rest_route=\/wp\/v2\/posts\/219100\/revisions\/219102"}],"wp:featuredmedia":[{"embeddable":true,"href":"https:\/\/diarioregionaldigital.com.br\/index.php?rest_route=\/wp\/v2\/media\/219101"}],"wp:attachment":[{"href":"https:\/\/diarioregionaldigital.com.br\/index.php?rest_route=%2Fwp%2Fv2%2Fmedia&parent=219100"}],"wp:term":[{"taxonomy":"category","embeddable":true,"href":"https:\/\/diarioregionaldigital.com.br\/index.php?rest_route=%2Fwp%2Fv2%2Fcategories&post=219100"},{"taxonomy":"post_tag","embeddable":true,"href":"https:\/\/diarioregionaldigital.com.br\/index.php?rest_route=%2Fwp%2Fv2%2Ftags&post=219100"}],"curies":[{"name":"wp","href":"https:\/\/api.w.org\/{rel}","templated":true}]}}