{"id":219078,"date":"2023-10-30T22:54:06","date_gmt":"2023-10-31T01:54:06","guid":{"rendered":"https:\/\/diarioregionaldigital.com.br\/?p=219078"},"modified":"2023-10-30T22:54:06","modified_gmt":"2023-10-31T01:54:06","slug":"linhas-de-onibus-passam-por-melhoria-no-quadro-de-horarios-a-partir-desta-quarta-feira-1o","status":"publish","type":"post","link":"https:\/\/diarioregionaldigital.com.br\/?p=219078","title":{"rendered":"Linhas de \u00f4nibus passam por melhoria no quadro de hor\u00e1rios a partir desta quarta-feira, 1\u00ba"},"content":{"rendered":"<p><span style=\"font-weight: 400;\">Segundo informa\u00e7\u00f5es do site da Prefeitura de Juiz de Fora (PJF), visando o aprimoramento cont\u00ednuo do sistema de transporte coletivo da cidade, a Secretaria de Mobilidade Urbana (SMU), da Prefeitura de Juiz de Fora (PJF), anuncia melhorias em 15 linhas de \u00f4nibus a partir desta quarta-feira, 1\u00ba. Al\u00e9m de altera\u00e7\u00e3o no quadro de hor\u00e1rios, h\u00e1 tamb\u00e9m extens\u00e3o e mudan\u00e7a de itiner\u00e1rios e de local de ponto de \u00f4nibus.<\/span><\/p>\n<p><span style=\"font-weight: 400;\">Entre os destaques, pela primeira vez a linha 118 vai passar a atender \u00e0s vias da parte alta do bairro Vale Verde, que antes n\u00e3o possu\u00eda atendimento. J\u00e1 a linha 636 (Jardim Cachoeira) vai estender o itiner\u00e1rio at\u00e9 a Avenida Jo\u00e3o Goulart n\u00ba 600, em frente a Faculdade Est\u00e1cio de S\u00e1, onde ser\u00e1 o ponto final.<\/span><\/p>\n","protected":false},"excerpt":{"rendered":"<p>Segundo informa\u00e7\u00f5es do site da Prefeitura de Juiz de Fora (PJF), visando o aprimoramento cont\u00ednuo do sistema de transporte coletivo da cidade, a Secretaria de Mobilidade Urbana (SMU), da Prefeitura de Juiz de Fora (PJF), anuncia melhorias em 15 linhas de \u00f4nibus a partir desta quarta-feira, 1\u00ba. Al\u00e9m de altera\u00e7\u00e3o no quadro de hor\u00e1rios, h\u00e1 [&hellip;]<\/p>\n","protected":false},"author":246,"featured_media":219079,"comment_status":"closed","ping_status":"closed","sticky":false,"template":"","format":"standard","meta":{"footnotes":""},"categories":[253,436,439],"tags":[],"class_list":["post-219078","post","type-post","status-publish","format-standard","has-post-thumbnail","hentry","category-cidade","category-destaque-da-semana","category-ultima-hora"],"_links":{"self":[{"href":"https:\/\/diarioregionaldigital.com.br\/index.php?rest_route=\/wp\/v2\/posts\/219078","targetHints":{"allow":["GET"]}}],"collection":[{"href":"https:\/\/diarioregionaldigital.com.br\/index.php?rest_route=\/wp\/v2\/posts"}],"about":[{"href":"https:\/\/diarioregionaldigital.com.br\/index.php?rest_route=\/wp\/v2\/types\/post"}],"author":[{"embeddable":true,"href":"https:\/\/diarioregionaldigital.com.br\/index.php?rest_route=\/wp\/v2\/users\/246"}],"replies":[{"embeddable":true,"href":"https:\/\/diarioregionaldigital.com.br\/index.php?rest_route=%2Fwp%2Fv2%2Fcomments&post=219078"}],"version-history":[{"count":1,"href":"https:\/\/diarioregionaldigital.com.br\/index.php?rest_route=\/wp\/v2\/posts\/219078\/revisions"}],"predecessor-version":[{"id":219080,"href":"https:\/\/diarioregionaldigital.com.br\/index.php?rest_route=\/wp\/v2\/posts\/219078\/revisions\/219080"}],"wp:featuredmedia":[{"embeddable":true,"href":"https:\/\/diarioregionaldigital.com.br\/index.php?rest_route=\/wp\/v2\/media\/219079"}],"wp:attachment":[{"href":"https:\/\/diarioregionaldigital.com.br\/index.php?rest_route=%2Fwp%2Fv2%2Fmedia&parent=219078"}],"wp:term":[{"taxonomy":"category","embeddable":true,"href":"https:\/\/diarioregionaldigital.com.br\/index.php?rest_route=%2Fwp%2Fv2%2Fcategories&post=219078"},{"taxonomy":"post_tag","embeddable":true,"href":"https:\/\/diarioregionaldigital.com.br\/index.php?rest_route=%2Fwp%2Fv2%2Ftags&post=219078"}],"curies":[{"name":"wp","href":"https:\/\/api.w.org\/{rel}","templated":true}]}}