{"id":219066,"date":"2023-10-30T22:24:03","date_gmt":"2023-10-31T01:24:03","guid":{"rendered":"https:\/\/diarioregionaldigital.com.br\/?p=219066"},"modified":"2023-10-30T22:24:03","modified_gmt":"2023-10-31T01:24:03","slug":"pgr-recorre-contra-atuacao-de-moraes-como-assistente-de-acusacao","status":"publish","type":"post","link":"https:\/\/diarioregionaldigital.com.br\/?p=219066","title":{"rendered":"PGR recorre contra atua\u00e7\u00e3o de Moraes como assistente de acusa\u00e7\u00e3o"},"content":{"rendered":"<p>A Procuradoria-Geral da Rep\u00fablica (PGR) recorreu nesta segunda-feira (30) ao Supremo Tribunal Federal (STF) para questionar a decis\u00e3o que admitiu o ministro Alexandre de Moraes e seus familiares como assistentes de acusa\u00e7\u00e3o no inqu\u00e9rito que apura as supostas agress\u00f5es ao seu filho Alexandre Barci de Moraes, na It\u00e1lia.<img decoding=\"async\" src=\"https:\/\/agenciabrasil.ebc.com.br\/ebc.png?id=1563547&amp;o=node\" \/><img decoding=\"async\" src=\"https:\/\/agenciabrasil.ebc.com.br\/ebc.gif?id=1563547&amp;o=node\" \/><\/p>\n<p>Em julho deste ano, o ministro e seus familiares foram hostilizados por brasileiros que o reconheceram no Aeroporto de Fiumicino, em Roma, quando ele regressava ao Brasil. Segundo Moraes, o grupo o ofendeu e agrediu fisicamente seu filho, que, de acordo com ele, levou um tapa no rosto. O caso \u00e9 investigado pela Pol\u00edcia Federal (PF).<\/p>\n<p>No recurso enviado ao Supremo, a procuradora-geral interina, Elizeta Ramos, pede que o ministro Dias Toffoli reconsidere a decis\u00e3o que autorizou Moraes a atuar como assistente de acusa\u00e7\u00e3o. Para Elizeta, a medida \u00e9 ilegal e se trata de &#8220;privil\u00e9gio&#8221;.<\/p>\n<p>No entendimento da procuradoria, n\u00e3o h\u00e1 previs\u00e3o legal para atua\u00e7\u00e3o de v\u00edtima ou representante na fase de investiga\u00e7\u00e3o.<\/p>\n<p>&#8220;N\u00e3o h\u00e1 figura do assistente de investiga\u00e7\u00e3o, nem \u00e9 poss\u00edvel dotar com esse privil\u00e9gio especial quaisquer das autoridades com foro por prerrogativa de fun\u00e7\u00e3o nessa Suprema Corte&#8221;, afirmou a PGR.<\/p>\n<p>Elizeta Ramos tamb\u00e9m contestou a decis\u00e3o de Toffoli que manteve em sigilo o v\u00eddeo enviado por autoridades italianas \u00e0 PF que comprovaria as agress\u00f5es ao filho de Moraes.<\/p>\n<p>&#8220;A m\u00eddia deve ser trazida aos presentes autos, que n\u00e3o est\u00e3o acobertados pelo sigilo, por n\u00e3o se enquadrar em nenhuma das hip\u00f3teses de excepcional restri\u00e7\u00e3o \u00e0 publicidade: n\u00e3o h\u00e1 necessidade de preserva\u00e7\u00e3o de informa\u00e7\u00f5es para assegurar a efic\u00e1cia da investiga\u00e7\u00e3o, tampouco interesse da sociedade na limita\u00e7\u00e3o de acesso \u00e0s imagens&#8221;, concluiu a PGR.<\/p>\n<p>De acordo com a PF, Moraes e sua fam\u00edlia foram hostilizados pelo casal Roberto Mantovani Filho e sua esposa, Andrea Mantovani, e o genro deles Alex Zanatta. De acordo com a defesa dos acusados, n\u00e3o houve agress\u00e3o f\u00edsica, mas uma &#8220;discuss\u00e3o acalorada&#8221; entre os envolvidos.<\/p>\n<p>N\u00e3o h\u00e1 para decis\u00e3o sobre o recurso.<\/p>\n<p><span style=\"font-weight: 400;\">Fonte: Ag\u00eancia Brasil <\/span><\/p>\n","protected":false},"excerpt":{"rendered":"<p>A Procuradoria-Geral da Rep\u00fablica (PGR) recorreu nesta segunda-feira (30) ao Supremo Tribunal Federal (STF) para questionar a decis\u00e3o que admitiu o ministro Alexandre de Moraes e seus familiares como assistentes de acusa\u00e7\u00e3o no inqu\u00e9rito que apura as supostas agress\u00f5es ao seu filho Alexandre Barci de Moraes, na It\u00e1lia. Em julho deste ano, o ministro e [&hellip;]<\/p>\n","protected":false},"author":246,"featured_media":219067,"comment_status":"closed","ping_status":"closed","sticky":false,"template":"","format":"standard","meta":{"footnotes":""},"categories":[436,254,439],"tags":[],"class_list":["post-219066","post","type-post","status-publish","format-standard","has-post-thumbnail","hentry","category-destaque-da-semana","category-politica","category-ultima-hora"],"_links":{"self":[{"href":"https:\/\/diarioregionaldigital.com.br\/index.php?rest_route=\/wp\/v2\/posts\/219066","targetHints":{"allow":["GET"]}}],"collection":[{"href":"https:\/\/diarioregionaldigital.com.br\/index.php?rest_route=\/wp\/v2\/posts"}],"about":[{"href":"https:\/\/diarioregionaldigital.com.br\/index.php?rest_route=\/wp\/v2\/types\/post"}],"author":[{"embeddable":true,"href":"https:\/\/diarioregionaldigital.com.br\/index.php?rest_route=\/wp\/v2\/users\/246"}],"replies":[{"embeddable":true,"href":"https:\/\/diarioregionaldigital.com.br\/index.php?rest_route=%2Fwp%2Fv2%2Fcomments&post=219066"}],"version-history":[{"count":1,"href":"https:\/\/diarioregionaldigital.com.br\/index.php?rest_route=\/wp\/v2\/posts\/219066\/revisions"}],"predecessor-version":[{"id":219068,"href":"https:\/\/diarioregionaldigital.com.br\/index.php?rest_route=\/wp\/v2\/posts\/219066\/revisions\/219068"}],"wp:featuredmedia":[{"embeddable":true,"href":"https:\/\/diarioregionaldigital.com.br\/index.php?rest_route=\/wp\/v2\/media\/219067"}],"wp:attachment":[{"href":"https:\/\/diarioregionaldigital.com.br\/index.php?rest_route=%2Fwp%2Fv2%2Fmedia&parent=219066"}],"wp:term":[{"taxonomy":"category","embeddable":true,"href":"https:\/\/diarioregionaldigital.com.br\/index.php?rest_route=%2Fwp%2Fv2%2Fcategories&post=219066"},{"taxonomy":"post_tag","embeddable":true,"href":"https:\/\/diarioregionaldigital.com.br\/index.php?rest_route=%2Fwp%2Fv2%2Ftags&post=219066"}],"curies":[{"name":"wp","href":"https:\/\/api.w.org\/{rel}","templated":true}]}}