{"id":219050,"date":"2023-10-29T06:00:33","date_gmt":"2023-10-29T09:00:33","guid":{"rendered":"https:\/\/diarioregionaldigital.com.br\/?p=219050"},"modified":"2023-10-27T23:19:48","modified_gmt":"2023-10-28T02:19:48","slug":"o-povo-eleito","status":"publish","type":"post","link":"https:\/\/diarioregionaldigital.com.br\/?p=219050","title":{"rendered":"O Povo Eleito"},"content":{"rendered":"<p>Apesar de todas as persegui\u00e7\u00f5es e o assassinato de 6 milh\u00f5es de judeus, na Segunda Guerra Mundial, o chamado povo eleito sobrevive e presta servi\u00e7os inestim\u00e1veis \u00e0 humanidade. Quando perguntei ao cientista Albert Sabin, inventor da vacina oral contra a p\u00f3lio, a raz\u00e3o dessa caracter\u00edstica marcante, ele sorriu e foi objetivo: \u201c\u00c9 uma determina\u00e7\u00e3o divina\u201d. Est\u00e1vamos num v\u00f4o para a Argentina, onde ele faria palestra a servi\u00e7o do Instituto Weizmann de Ci\u00eancias. Mantive com ele uma grande e promissora amizade, a ponto de me chamar carinhosamente de \u201cmy nephew\u201d (meu sobrinho).<\/p>\n<p>\u00c9 not\u00e1vel a contribui\u00e7\u00e3o dos judeus \u00e0 humanidade. Nomes como Einstein, Waksman (o descobridor da estreptomicina), Freud e o pr\u00f3prio Sabin n\u00e3o podem ser esquecidos, no pante\u00e3o de benfeitores da humanidade. Hoje em dia, de forma in\u00e9dita, na cena mundial, os judeus conquistaram 170 pr\u00eamios Nobel. Nenhum outro povo, nem o norte-americano, chegou a um n\u00famero t\u00e3o expressivo.<\/p>\n<p>Jesus Cristo era judeu. A Virgem Maria era judia. Os dez ap\u00f3stolos eram judeus. \u00c9 preciso mais para exigir respeito a esse povo secular?<\/p>\n<p>O Estado de Israel, que visitei algumas vezes, tem uma ci\u00eancia avan\u00e7ad\u00edssima. Se acompanharmos o que se passa no seu Instituto Weizmann, que foi presidido por Sabin, ficar\u00e1 admirado com a sua larga compet\u00eancia, em v\u00e1rios campos do conhecimento.<\/p>\n<p>\u00c9 isso que se quer destruir? O palestino \u00a0tem direito \u00e0 vida, mas alguns dos seus fan\u00e1ticos dirigentes n\u00e3o admitem a coexist\u00eancia. A l\u00f3gica deles preconiza a destrui\u00e7\u00e3o do Estado de Israel, com o que naturalmente n\u00e3o se pode concordar. \u00c9 claro que a paz \u00e9 a conquista desejada para a regi\u00e3o. Sonhamos com essa solu\u00e7\u00e3o, mas enquanto ela n\u00e3o vem ainda vamos sofrer com a viol\u00eancia e a morte desenfreada. Para que isso?<\/p>\n<p>Em 1967, tr\u00eas meses ap\u00f3s a Guerra dos Seis Dias, visitamos Israel. Era indispens\u00e1vel conhecer Gaza. Alugamos um t\u00e1xi e partimos para a aventura, num clima visivelmente nervoso. O motorista alertou para os riscos de atentado, o que felizmente n\u00e3o aconteceu. Hoje, a regi\u00e3o tem 2 milh\u00f5es de habitantes e padece das agruras da guerra.<\/p>\n","protected":false},"excerpt":{"rendered":"<p>Apesar de todas as persegui\u00e7\u00f5es e o assassinato de 6 milh\u00f5es de judeus, na Segunda Guerra Mundial, o chamado povo eleito sobrevive e presta servi\u00e7os inestim\u00e1veis \u00e0 humanidade. Quando perguntei ao cientista Albert Sabin, inventor da vacina oral contra a p\u00f3lio, a raz\u00e3o dessa caracter\u00edstica marcante, ele sorriu e foi objetivo: \u201c\u00c9 uma determina\u00e7\u00e3o divina\u201d. [&hellip;]<\/p>\n","protected":false},"author":96,"featured_media":0,"comment_status":"closed","ping_status":"closed","sticky":false,"template":"","format":"standard","meta":{"footnotes":""},"categories":[275],"tags":[],"class_list":["post-219050","post","type-post","status-publish","format-standard","hentry","category-arnaldo-niskier"],"_links":{"self":[{"href":"https:\/\/diarioregionaldigital.com.br\/index.php?rest_route=\/wp\/v2\/posts\/219050","targetHints":{"allow":["GET"]}}],"collection":[{"href":"https:\/\/diarioregionaldigital.com.br\/index.php?rest_route=\/wp\/v2\/posts"}],"about":[{"href":"https:\/\/diarioregionaldigital.com.br\/index.php?rest_route=\/wp\/v2\/types\/post"}],"author":[{"embeddable":true,"href":"https:\/\/diarioregionaldigital.com.br\/index.php?rest_route=\/wp\/v2\/users\/96"}],"replies":[{"embeddable":true,"href":"https:\/\/diarioregionaldigital.com.br\/index.php?rest_route=%2Fwp%2Fv2%2Fcomments&post=219050"}],"version-history":[{"count":1,"href":"https:\/\/diarioregionaldigital.com.br\/index.php?rest_route=\/wp\/v2\/posts\/219050\/revisions"}],"predecessor-version":[{"id":219051,"href":"https:\/\/diarioregionaldigital.com.br\/index.php?rest_route=\/wp\/v2\/posts\/219050\/revisions\/219051"}],"wp:attachment":[{"href":"https:\/\/diarioregionaldigital.com.br\/index.php?rest_route=%2Fwp%2Fv2%2Fmedia&parent=219050"}],"wp:term":[{"taxonomy":"category","embeddable":true,"href":"https:\/\/diarioregionaldigital.com.br\/index.php?rest_route=%2Fwp%2Fv2%2Fcategories&post=219050"},{"taxonomy":"post_tag","embeddable":true,"href":"https:\/\/diarioregionaldigital.com.br\/index.php?rest_route=%2Fwp%2Fv2%2Ftags&post=219050"}],"curies":[{"name":"wp","href":"https:\/\/api.w.org\/{rel}","templated":true}]}}