{"id":219048,"date":"2023-10-29T06:00:32","date_gmt":"2023-10-29T09:00:32","guid":{"rendered":"https:\/\/diarioregionaldigital.com.br\/?p=219048"},"modified":"2023-10-27T23:17:54","modified_gmt":"2023-10-28T02:17:54","slug":"igualmente-vitais-diferentemente-essenciais","status":"publish","type":"post","link":"https:\/\/diarioregionaldigital.com.br\/?p=219048","title":{"rendered":"Igualmente vitais, diferentemente essenciais"},"content":{"rendered":"<p>\u201cA mulher bondosa conquista o respeito, mas os homens cru\u00e9is s\u00f3 conquistam riquezas\u201d (Prov\u00e9rbios 11: 16).<\/p>\n<p>Vivemos a era da igualdade. No Ocidente, as pessoas est\u00e3o se tornando progressivamente portadoras de direitos que as iguala enquanto seres humanos e cidad\u00e3os. Podemos afirmar sem nenhum exagero que este fato \u00e9 resultado direto da revolu\u00e7\u00e3o promovida por Jesus Cristo que rompeu o v\u00e9u da separa\u00e7\u00e3o e derrubou o muro que dividia as pessoas:<\/p>\n<p>\u201cPois ele \u00e9 a nossa paz, o qual de ambos fez um e destruiu a barreira, o muro de inimizade\u201d (Ef\u00e9sios 2: 14).<\/p>\n<p>Deus fez a obra reparadora que colocou homens e mulheres no mesmo patamar:<\/p>\n<p>\u201cE, abrindo Pedro a boca, disse: Reconhe\u00e7o, por verdade, que Deus n\u00e3o faz acep\u00e7\u00e3o de pessoas\u201d (Atos 10: 34).<\/p>\n<p>Entretanto, fazer justi\u00e7a demolindo privil\u00e9gios daninhos n\u00e3o significa abolir as diferen\u00e7as. Deus fez homens e mulheres sexos diferentes e lhes conferiu pap\u00e9is sociais espec\u00edficos. Se n\u00e3o fosse para cumprir miss\u00f5es diferentes, por que Deus haveria de nos fazer homem e mulher?<\/p>\n<p>\u201cE criou Deus o homem \u00e0 sua imagem; \u00e0 imagem de Deus o criou; macho e f\u00eamea os criou\u201d (G\u00eanesis 1: 27).<\/p>\n<p>J\u00e1 reparou que a pauta feminista \u00e9 em larga medida a reivindica\u00e7\u00e3o para que a mulher se revista do pior que h\u00e1 na \u201ccultura masculina\u201d? A obstina\u00e7\u00e3o pela carreira que vem acompanhada do abandono da fam\u00edlia; a liberalidade sexual que se inclina para a infidelidade; o embrutecimento nas rela\u00e7\u00f5es sociais; a competitividade por postos de poder, dentre outras s\u00e3o v\u00edcios danosos, caracter\u00edsticas reprov\u00e1veis tipicamente associadas ao homem que agora o movimento feminista pretende extender \u00e0s mulheres. Miseric\u00f3rdia!<\/p>\n<p>Na condi\u00e7\u00e3o de seres humanos, servos de Deus, peregrinos na Terra que precisam da gra\u00e7a para serem aperfei\u00e7oados pelo Esp\u00edrito Santo, somos todos iguais. Homens e mulheres devem tratar a todos com igualdade pois de fato somos todos igualmente pecadores e igualmente receptores de b\u00ean\u00e7\u00e3os celestiais.<\/p>\n<p>Por\u00e9m, n\u00e3o nos esque\u00e7amos que Deus nos deu miss\u00f5es diferentes e devemos cumpri-las com zelo, afinal, o que seria do corpo se lhe faltasse a cabe\u00e7a ou o t\u00f3rax?! Cada um \u00e9 igualmente vital, cada qual \u00e9 diferentemente essencial.<\/p>\n","protected":false},"excerpt":{"rendered":"<p>\u201cA mulher bondosa conquista o respeito, mas os homens cru\u00e9is s\u00f3 conquistam riquezas\u201d (Prov\u00e9rbios 11: 16). Vivemos a era da igualdade. No Ocidente, as pessoas est\u00e3o se tornando progressivamente portadoras de direitos que as iguala enquanto seres humanos e cidad\u00e3os. Podemos afirmar sem nenhum exagero que este fato \u00e9 resultado direto da revolu\u00e7\u00e3o promovida por [&hellip;]<\/p>\n","protected":false},"author":96,"featured_media":0,"comment_status":"closed","ping_status":"closed","sticky":false,"template":"","format":"standard","meta":{"footnotes":""},"categories":[1244],"tags":[],"class_list":["post-219048","post","type-post","status-publish","format-standard","hentry","category-oleg-abramov"],"_links":{"self":[{"href":"https:\/\/diarioregionaldigital.com.br\/index.php?rest_route=\/wp\/v2\/posts\/219048","targetHints":{"allow":["GET"]}}],"collection":[{"href":"https:\/\/diarioregionaldigital.com.br\/index.php?rest_route=\/wp\/v2\/posts"}],"about":[{"href":"https:\/\/diarioregionaldigital.com.br\/index.php?rest_route=\/wp\/v2\/types\/post"}],"author":[{"embeddable":true,"href":"https:\/\/diarioregionaldigital.com.br\/index.php?rest_route=\/wp\/v2\/users\/96"}],"replies":[{"embeddable":true,"href":"https:\/\/diarioregionaldigital.com.br\/index.php?rest_route=%2Fwp%2Fv2%2Fcomments&post=219048"}],"version-history":[{"count":1,"href":"https:\/\/diarioregionaldigital.com.br\/index.php?rest_route=\/wp\/v2\/posts\/219048\/revisions"}],"predecessor-version":[{"id":219049,"href":"https:\/\/diarioregionaldigital.com.br\/index.php?rest_route=\/wp\/v2\/posts\/219048\/revisions\/219049"}],"wp:attachment":[{"href":"https:\/\/diarioregionaldigital.com.br\/index.php?rest_route=%2Fwp%2Fv2%2Fmedia&parent=219048"}],"wp:term":[{"taxonomy":"category","embeddable":true,"href":"https:\/\/diarioregionaldigital.com.br\/index.php?rest_route=%2Fwp%2Fv2%2Fcategories&post=219048"},{"taxonomy":"post_tag","embeddable":true,"href":"https:\/\/diarioregionaldigital.com.br\/index.php?rest_route=%2Fwp%2Fv2%2Ftags&post=219048"}],"curies":[{"name":"wp","href":"https:\/\/api.w.org\/{rel}","templated":true}]}}