{"id":219035,"date":"2023-10-27T16:36:23","date_gmt":"2023-10-27T19:36:23","guid":{"rendered":"https:\/\/diarioregionaldigital.com.br\/?p=219035"},"modified":"2023-10-27T16:36:47","modified_gmt":"2023-10-27T19:36:47","slug":"prefeita-destaca-atuacao-da-pjf-na-mitigacao-dos-danos-da-chuva-desta-quinta-26-em-visita-a-radios-da-cidade","status":"publish","type":"post","link":"https:\/\/diarioregionaldigital.com.br\/?p=219035","title":{"rendered":"Prefeita destaca atua\u00e7\u00e3o da PJF na mitiga\u00e7\u00e3o dos danos da chuva desta quinta, 26, em visita a r\u00e1dios da cidade"},"content":{"rendered":"<p>Segundo informa\u00e7\u00f5es do site da Prefeitura de Juiz de Fora (PJF), a\u00a0prefeita de Juiz de Fora, Margarida Salom\u00e3o, est\u00e1 participando ao longo desta sexta-feira, 27, de uma s\u00e9rie de entrevistas em r\u00e1dios da cidade para uma presta\u00e7\u00e3o dos diversos servi\u00e7os que a Prefeitura de Juiz de Fora (PJF) vem realizando ao longo do mandato. Entre os assuntos debatidos, a chefe do executivo municipal abordou sobre a mitiga\u00e7\u00e3o dos danos da chuva desta quinta-feira, 26, al\u00e9m do or\u00e7amento do munic\u00edpio para 2024, os projetos para a cidade e o Edital dos Ambulantes.<\/p>\n<p>Em participa\u00e7\u00e3o na R\u00e1dio Transam\u00e9rica, Margarida abordou o volume de chuva que Juiz de Fora recebeu durante a quinta-feira, 27. \u201cTivemos um temporal terr\u00edvel, mas dentro de um padr\u00e3o de expectativa. Estamos vivendo o fen\u00f4meno do El Ni\u00f1o, em que voc\u00ea n\u00e3o tem as chuvas prolongadas, como em dezembro e janeiro dos anos anteriores. Mas \u00e9 pior, pois s\u00e3o chuvas muito r\u00e1pidas e concentradas, com uma forte ventania. A chuva de ontem foi t\u00e3o forte que n\u00f3s vimos o Rio Paraibuna subir quase um metro em uma hora, foi algo assustador. N\u00f3s precisamos saber que teremos isso ao longo deste fen\u00f4meno, mas estamos montando um sistema de resposta r\u00e1pida e eficiente. Trabalhamos com equipes da Prefeitura at\u00e9 3h da manh\u00e3, e eu quero agradecer os trabalhadores que se dedicaram para a cidade, especialmente ao Demlurb. Hoje, nesta sexta-feira,\u00a0 boa parte da cidade que havia sido afetada, felizmente, j\u00e1 est\u00e1 limpa. N\u00f3s estamos organizados para atender a cidade\u201d.<\/p>\n<p>Para mitigar os danos das chuvas, a chefe do executivo municipal relembrou as diversas obras que a Prefeitura tem feito para bairros que h\u00e1 anos sofrem com os resultados dos grandes volumes de \u00e1gua das tempestades. \u201cTemos um grande foco de obras para as \u00e1reas do Democrata\/Mariano, Santa Luzia e Bairro Industrial. Os projetos para os bairros est\u00e3o em vias de ter os recursos liberados em Bras\u00edlia, n\u00e3o \u00e9 uma opera\u00e7\u00e3o simples. No Bairro Industrial e em Santa Luzia j\u00e1 come\u00e7amos as obras para mitigar os efeitos e, em dois ou tr\u00eas anos, sanar os problemas das regi\u00f5es. Essas popula\u00e7\u00f5es eu tenho certeza que ter\u00e3o seus problemas resolvidos pelos pr\u00f3ximos cem anos\u201d.<\/p>\n<p>\u201cDe julho a agosto, n\u00f3s tiramos das bocas de lobo 162 toneladas de lixo. Ontem, essa limpeza se fez efetiva, pois juntou aquela grande quantidade de \u00e1gua na hora que caiu a chuva e depois escoou, ent\u00e3o funcionaram tanto as bocas de lobo quanto o sistema de drenagem. Nesta sexta-feira, n\u00f3s temos o caminh\u00e3o hidrojato andando pela cidade inteira puxando os detritos que a enxurrada leva pra dentro\u201d.<\/p>\n<p>A prefeita tamb\u00e9m citou as dificuldades que as movimenta\u00e7\u00f5es irregulares de terra e as consequ\u00eancias graves que elas causam para a cidade. \u201cO papel do gestor municipal \u00e9 de fazer a media\u00e7\u00e3o entre os interesses individuais, que s\u00e3o leg\u00edtimos, e o bem coletivo, que deve se sobrepor. \u00c9 preciso chegar em uma m\u00e9dia, ent\u00e3o se quer fazer uma obra, um corte de terra, tem de fazer de maneira correta. Quando a chuva cai, leva a terra para o bueiro e entope. Isso afeta todos n\u00f3s, ent\u00e3o \u00e9 preciso viver a vida da cidade com esse cuidado\u201d, ressaltou a prefeita.<\/p>\n<p><strong>Or\u00e7amento para 2024<br \/>\n<\/strong><br \/>\nA prefeita tamb\u00e9m discutiu sobre o or\u00e7amento enviado para a C\u00e2mara Municipal para o per\u00edodo de 2024, que conta com d\u00e9ficit zero. \u201cEst\u00e1 tramitando na c\u00e2mara, que tem at\u00e9 o fim do per\u00edodo legislativo para fazer a vota\u00e7\u00e3o do projeto. N\u00f3s encaminhamos com muita satisfa\u00e7\u00e3o e orgulho, conseguimos nos tr\u00eas anos de gest\u00e3o zerar os d\u00e9ficits que recebemos e agora n\u00f3s chegamos a uma constru\u00e7\u00e3o extremamente rigorosa e muito bem concebida. Aquilo que a cidade tem pra gastar \u00e9 a mesma coisa que tem a receber, sem estar em d\u00e9bito. Chegamos a isso com uma gest\u00e3o muito austera e fazendo muita coisa, n\u00e3o paramos de fazer nada. N\u00f3s conseguimos melhorar a arrecada\u00e7\u00e3o sem aumentar imposto, e estamos com hoje com uma gest\u00e3o muito mais qualificada e cient\u00edfica. Temos recursos suficientes para fazer muitas obras na cidade inteira\u201d.<br \/>\n\u201cDia 10 de novembro vamos apresentar um leque de projetos muito importantes no PAC 3, o PAC Cidade. Apresentaremos a lista de ideias, em que constam a constru\u00e7\u00e3o de creches, escolas, um grande equipamento na \u00e1rea de seguran\u00e7a para oferecer aos jovens trabalho, estudo, lazer, recupera\u00e7\u00e3o de pessoas com problemas no curso de suas vidas. Vamos investir na cidade um montante que estou estimando, e julgo necess\u00e1rios, na ordem de R$ 1 bilh\u00e3o\u201d, destacou Margarida.<\/p>\n<p><strong>Edital dos Ambulantes<br \/>\n<\/strong><br \/>\nMargarida tamb\u00e9m ressaltou o processo do Edital dos Ambulantes. \u201cNesse processo imensamente participativo do Edital dos Ambulantes, n\u00f3s conhecemos os nomes, as hist\u00f3rias e todos aqueles que est\u00e3o na disputa. A imensa maioria foi contemplada, mas ainda existem pessoas insatisfeitas, e h\u00e1 pessoas portadoras de reclama\u00e7\u00e3o que nem disputaram. \u00c9 muito bom que haja esse debate, quanto mais houver mais iremos aperfei\u00e7oar esse processo. Estamos abertas a rever processos. \u00c9 um trabalho coletivo feito com respeito ao direito de todo mundo, que ir\u00e1 fazer com que a cidade venha a ter um centro urbano muito bem ordenado e seguro\u201d.<\/p>\n","protected":false},"excerpt":{"rendered":"<p>Segundo informa\u00e7\u00f5es do site da Prefeitura de Juiz de Fora (PJF), a\u00a0prefeita de Juiz de Fora, Margarida Salom\u00e3o, est\u00e1 participando ao longo desta sexta-feira, 27, de uma s\u00e9rie de entrevistas em r\u00e1dios da cidade para uma presta\u00e7\u00e3o dos diversos servi\u00e7os que a Prefeitura de Juiz de Fora (PJF) vem realizando ao longo do mandato. Entre [&hellip;]<\/p>\n","protected":false},"author":246,"featured_media":219036,"comment_status":"closed","ping_status":"closed","sticky":false,"template":"","format":"standard","meta":{"footnotes":""},"categories":[253,436,439],"tags":[],"class_list":["post-219035","post","type-post","status-publish","format-standard","has-post-thumbnail","hentry","category-cidade","category-destaque-da-semana","category-ultima-hora"],"_links":{"self":[{"href":"https:\/\/diarioregionaldigital.com.br\/index.php?rest_route=\/wp\/v2\/posts\/219035","targetHints":{"allow":["GET"]}}],"collection":[{"href":"https:\/\/diarioregionaldigital.com.br\/index.php?rest_route=\/wp\/v2\/posts"}],"about":[{"href":"https:\/\/diarioregionaldigital.com.br\/index.php?rest_route=\/wp\/v2\/types\/post"}],"author":[{"embeddable":true,"href":"https:\/\/diarioregionaldigital.com.br\/index.php?rest_route=\/wp\/v2\/users\/246"}],"replies":[{"embeddable":true,"href":"https:\/\/diarioregionaldigital.com.br\/index.php?rest_route=%2Fwp%2Fv2%2Fcomments&post=219035"}],"version-history":[{"count":2,"href":"https:\/\/diarioregionaldigital.com.br\/index.php?rest_route=\/wp\/v2\/posts\/219035\/revisions"}],"predecessor-version":[{"id":219038,"href":"https:\/\/diarioregionaldigital.com.br\/index.php?rest_route=\/wp\/v2\/posts\/219035\/revisions\/219038"}],"wp:featuredmedia":[{"embeddable":true,"href":"https:\/\/diarioregionaldigital.com.br\/index.php?rest_route=\/wp\/v2\/media\/219036"}],"wp:attachment":[{"href":"https:\/\/diarioregionaldigital.com.br\/index.php?rest_route=%2Fwp%2Fv2%2Fmedia&parent=219035"}],"wp:term":[{"taxonomy":"category","embeddable":true,"href":"https:\/\/diarioregionaldigital.com.br\/index.php?rest_route=%2Fwp%2Fv2%2Fcategories&post=219035"},{"taxonomy":"post_tag","embeddable":true,"href":"https:\/\/diarioregionaldigital.com.br\/index.php?rest_route=%2Fwp%2Fv2%2Ftags&post=219035"}],"curies":[{"name":"wp","href":"https:\/\/api.w.org\/{rel}","templated":true}]}}