{"id":219032,"date":"2023-10-27T16:33:59","date_gmt":"2023-10-27T19:33:59","guid":{"rendered":"https:\/\/diarioregionaldigital.com.br\/?p=219032"},"modified":"2023-10-27T16:33:59","modified_gmt":"2023-10-27T19:33:59","slug":"em-um-dia-juiz-de-fora-registra-quase-90-da-chuva-esperada-para-o-mes","status":"publish","type":"post","link":"https:\/\/diarioregionaldigital.com.br\/?p=219032","title":{"rendered":"Em um dia, Juiz de Fora registra quase 90% da chuva esperada para o m\u00eas"},"content":{"rendered":"<p>Segundo informa\u00e7\u00f5es do site da Prefeitura de Juiz de Fora (PJF), Juiz de Fora registrou 102mm de chuva em 24h. Isso equivale a quase 90% do esperado para todo o m\u00eas de outubro. O n\u00edvel do Rio Paraibuna atingiu 3,09m. Em uma hora, o n\u00edvel subiu cerca de 1,18m. J\u00e1 na manh\u00e3 desta sexta-feira, 27, \u00e0s 7h11, o n\u00edvel j\u00e1 havia reduzido para 1,94m.<\/p>\n<p>A Defesa Civil registrou dez ocorr\u00eancias em fun\u00e7\u00e3o da chuva, sendo que nenhuma de maior gravidade.<\/p>\n<p>As equipes da PJF atuaram nas \u00e1reas atingidas pela chuva durante a noite e a madrugada. Foi realizada a desobstru\u00e7\u00e3o de todas as bocas de lobo da regi\u00e3o central. Servi\u00e7o conclu\u00eddo nas Ruas Marechal Deodoro, Santo Ant\u00f4nio, Benjamin Constant, S\u00e3o Mateus, em toda a extens\u00e3o da Avenida Rio Branco e na Avenida dos Andradas.<\/p>\n<p>O Demlurb tamb\u00e9m atuou com o recolhimento de terra que estava na Avenida Joaquim Vicente Guedes e com o servi\u00e7o de raspagem na ponte da Benjamin Guimar\u00e3es, no bairro Democrata; no bairro Maril\u00e2ndia; e na Rua Francisco Sabino de Barros, no Bandeirante. Nesta manh\u00e3, um caminh\u00e3o pipa ser\u00e1 utilizado para lava\u00e7\u00e3o na Rua Feliciano Pena, no bairro Democrata; e no Bairro Industrial.<\/p>\n<p>Equipes da Empav realizaram recolhimento de \u00e1rvores e ramagens na Engenheiro Gentil Forn e na Jos\u00e9 Louren\u00e7o Kelmer. Durante a noite, foi priorizado o atendimento em vias que estavam obstru\u00eddas. Nesta manh\u00e3, o servi\u00e7o continua em outros pontos. Na Avenida Eug\u00eanio do Nascimento, pr\u00f3ximo ao HU, onde \u00e1rvores atingiram a fia\u00e7\u00e3o, a Cemig realizar\u00e1 interven\u00e7\u00e3o na rede el\u00e9trica nesta manh\u00e3. Em seguida, o servi\u00e7o de recolhimento ser\u00e1 realizado pela Empav. Equipes j\u00e1 est\u00e3o no local. Durante a noite, por seguran\u00e7a e para manter a energia no Hospital Universit\u00e1rio, a via permaneceu fechada &#8211; agentes de tr\u00e2nsito sinalizaram e a Guarda Municipal permaneceu no local durante toda a noite.<\/p>\n","protected":false},"excerpt":{"rendered":"<p>Segundo informa\u00e7\u00f5es do site da Prefeitura de Juiz de Fora (PJF), Juiz de Fora registrou 102mm de chuva em 24h. Isso equivale a quase 90% do esperado para todo o m\u00eas de outubro. O n\u00edvel do Rio Paraibuna atingiu 3,09m. Em uma hora, o n\u00edvel subiu cerca de 1,18m. J\u00e1 na manh\u00e3 desta sexta-feira, 27, [&hellip;]<\/p>\n","protected":false},"author":246,"featured_media":219033,"comment_status":"closed","ping_status":"closed","sticky":false,"template":"","format":"standard","meta":{"footnotes":""},"categories":[253,436,440,439],"tags":[],"class_list":["post-219032","post","type-post","status-publish","format-standard","has-post-thumbnail","hentry","category-cidade","category-destaque-da-semana","category-destaques-do-dia","category-ultima-hora"],"_links":{"self":[{"href":"https:\/\/diarioregionaldigital.com.br\/index.php?rest_route=\/wp\/v2\/posts\/219032","targetHints":{"allow":["GET"]}}],"collection":[{"href":"https:\/\/diarioregionaldigital.com.br\/index.php?rest_route=\/wp\/v2\/posts"}],"about":[{"href":"https:\/\/diarioregionaldigital.com.br\/index.php?rest_route=\/wp\/v2\/types\/post"}],"author":[{"embeddable":true,"href":"https:\/\/diarioregionaldigital.com.br\/index.php?rest_route=\/wp\/v2\/users\/246"}],"replies":[{"embeddable":true,"href":"https:\/\/diarioregionaldigital.com.br\/index.php?rest_route=%2Fwp%2Fv2%2Fcomments&post=219032"}],"version-history":[{"count":1,"href":"https:\/\/diarioregionaldigital.com.br\/index.php?rest_route=\/wp\/v2\/posts\/219032\/revisions"}],"predecessor-version":[{"id":219034,"href":"https:\/\/diarioregionaldigital.com.br\/index.php?rest_route=\/wp\/v2\/posts\/219032\/revisions\/219034"}],"wp:featuredmedia":[{"embeddable":true,"href":"https:\/\/diarioregionaldigital.com.br\/index.php?rest_route=\/wp\/v2\/media\/219033"}],"wp:attachment":[{"href":"https:\/\/diarioregionaldigital.com.br\/index.php?rest_route=%2Fwp%2Fv2%2Fmedia&parent=219032"}],"wp:term":[{"taxonomy":"category","embeddable":true,"href":"https:\/\/diarioregionaldigital.com.br\/index.php?rest_route=%2Fwp%2Fv2%2Fcategories&post=219032"},{"taxonomy":"post_tag","embeddable":true,"href":"https:\/\/diarioregionaldigital.com.br\/index.php?rest_route=%2Fwp%2Fv2%2Ftags&post=219032"}],"curies":[{"name":"wp","href":"https:\/\/api.w.org\/{rel}","templated":true}]}}