{"id":219006,"date":"2023-10-26T20:52:10","date_gmt":"2023-10-26T23:52:10","guid":{"rendered":"https:\/\/diarioregionaldigital.com.br\/?p=219006"},"modified":"2023-10-26T20:53:58","modified_gmt":"2023-10-26T23:53:58","slug":"pjf-publica-decreto-para-regulamentar-lei-que-determina-tempo-maximo-de-espera-em-filas-de-cartorio","status":"publish","type":"post","link":"https:\/\/diarioregionaldigital.com.br\/?p=219006","title":{"rendered":"PJF publica decreto para regulamentar lei que determina tempo m\u00e1ximo de espera em filas de cart\u00f3rio"},"content":{"rendered":"<p>Segundo informa\u00e7\u00f5es do site da Prefeitura de Juiz de Fora (PJF), a\u00a0Prefeitura de Juiz de Fora (PJF) publicou na \u00faltima segunda-feira, 23, decreto que regulamenta legisla\u00e7\u00e3o municipal sobre tempo de espera em filas de cart\u00f3rio. Com a regulamenta\u00e7\u00e3o, a lei que prev\u00ea que o tempo m\u00e1ximo para atendimento deve ser de 20 minutos ser\u00e1 mais efetiva.<br \/>\nO decreto n\u00b016.185 estabelece que os cart\u00f3rios extrajudiciais de Juiz de Fora devem fornecer senhas que indiquem o dia e a hora como forma de comprovar o tempo de espera. Al\u00e9m disso, o estabelecimento \u00e9 obrigado a fixar cartaz que informa sobre a legisla\u00e7\u00e3o. O cart\u00f3rio que infringir a Lei estar\u00e1 sujeito \u00e0s san\u00e7\u00f5es administrativas, como advert\u00eancia e, em caso de reincid\u00eancia, multa.<\/p>\n<p>Os consumidores podem procurar a Ag\u00eancia de Prote\u00e7\u00e3o e Defesa do Consumidor (Procon) para registrar reclama\u00e7\u00f5es sobre o tempo de espera em cart\u00f3rios. A assessora do Procon, Samantha Lennard, explica que a lei, que j\u00e1 estava em vigor desde 2015, passou a garantir melhor os direitos do consumidor com o novo decreto. \u201cUm decreto regulamentador \u00e9 uma ferramenta importante para proteger os direitos dos consumidores, pois explica os direitos de forma mais precisa, al\u00e9m de estabelecer padr\u00f5es que garantem a presta\u00e7\u00e3o do servi\u00e7o e oferecer um recurso legal para que o consumidor busque a repara\u00e7\u00e3o.\u201d<\/p>\n<div><\/div>\n","protected":false},"excerpt":{"rendered":"<p>Segundo informa\u00e7\u00f5es do site da Prefeitura de Juiz de Fora (PJF), a\u00a0Prefeitura de Juiz de Fora (PJF) publicou na \u00faltima segunda-feira, 23, decreto que regulamenta legisla\u00e7\u00e3o municipal sobre tempo de espera em filas de cart\u00f3rio. Com a regulamenta\u00e7\u00e3o, a lei que prev\u00ea que o tempo m\u00e1ximo para atendimento deve ser de 20 minutos ser\u00e1 mais [&hellip;]<\/p>\n","protected":false},"author":246,"featured_media":219007,"comment_status":"closed","ping_status":"closed","sticky":false,"template":"","format":"standard","meta":{"footnotes":""},"categories":[253,436,439],"tags":[],"class_list":["post-219006","post","type-post","status-publish","format-standard","has-post-thumbnail","hentry","category-cidade","category-destaque-da-semana","category-ultima-hora"],"_links":{"self":[{"href":"https:\/\/diarioregionaldigital.com.br\/index.php?rest_route=\/wp\/v2\/posts\/219006","targetHints":{"allow":["GET"]}}],"collection":[{"href":"https:\/\/diarioregionaldigital.com.br\/index.php?rest_route=\/wp\/v2\/posts"}],"about":[{"href":"https:\/\/diarioregionaldigital.com.br\/index.php?rest_route=\/wp\/v2\/types\/post"}],"author":[{"embeddable":true,"href":"https:\/\/diarioregionaldigital.com.br\/index.php?rest_route=\/wp\/v2\/users\/246"}],"replies":[{"embeddable":true,"href":"https:\/\/diarioregionaldigital.com.br\/index.php?rest_route=%2Fwp%2Fv2%2Fcomments&post=219006"}],"version-history":[{"count":1,"href":"https:\/\/diarioregionaldigital.com.br\/index.php?rest_route=\/wp\/v2\/posts\/219006\/revisions"}],"predecessor-version":[{"id":219008,"href":"https:\/\/diarioregionaldigital.com.br\/index.php?rest_route=\/wp\/v2\/posts\/219006\/revisions\/219008"}],"wp:featuredmedia":[{"embeddable":true,"href":"https:\/\/diarioregionaldigital.com.br\/index.php?rest_route=\/wp\/v2\/media\/219007"}],"wp:attachment":[{"href":"https:\/\/diarioregionaldigital.com.br\/index.php?rest_route=%2Fwp%2Fv2%2Fmedia&parent=219006"}],"wp:term":[{"taxonomy":"category","embeddable":true,"href":"https:\/\/diarioregionaldigital.com.br\/index.php?rest_route=%2Fwp%2Fv2%2Fcategories&post=219006"},{"taxonomy":"post_tag","embeddable":true,"href":"https:\/\/diarioregionaldigital.com.br\/index.php?rest_route=%2Fwp%2Fv2%2Ftags&post=219006"}],"curies":[{"name":"wp","href":"https:\/\/api.w.org\/{rel}","templated":true}]}}