{"id":219003,"date":"2023-10-26T20:48:47","date_gmt":"2023-10-26T23:48:47","guid":{"rendered":"https:\/\/diarioregionaldigital.com.br\/?p=219003"},"modified":"2023-10-26T20:48:47","modified_gmt":"2023-10-26T23:48:47","slug":"juiz-de-fora-registra-52-mm-de-chuva-em-uma-hora-na-regiao-central","status":"publish","type":"post","link":"https:\/\/diarioregionaldigital.com.br\/?p=219003","title":{"rendered":"Juiz de Fora registra 52 mm de chuva em uma hora na regi\u00e3o central"},"content":{"rendered":"<p>Segundo informa\u00e7\u00f5es do site da Prefeitura de Juiz de Fora (PJF), Juiz de Fora registrou 52mm de chuva em apenas uma hora &#8211; entre 16h e 17h &#8211; na regi\u00e3o central, que foi a mais atingida. J\u00e1 nos bairros S\u00e3o Pedro, Nossa Senhora de Lourdes e Milho Branco choveu neste per\u00edodo, respectivamente, 32mm, 28mm e 23mm. \u00c0s 18h, o n\u00edvel do Rio Paraibuna registrado est\u00e1 em 2,81m. Em uma hora, subiu cerca de 1,18m.<\/p>\n<p>At\u00e9 \u00e0s 18h desta quinta-feira, 26, a Defesa Civil registrou tr\u00eas ocorr\u00eancias em fun\u00e7\u00e3o da chuva: escorregamento de talude (Santo Ant\u00f4nio), inunda\u00e7\u00e3o (bairro Industrial) e desabamento de muro de divisa (Retiro).<\/p>\n<p>As equipes da PJF est\u00e3o em a\u00e7\u00e3o nas \u00e1reas atingidas pela chuva. A Defesa Civil refor\u00e7a que h\u00e1 possibilidade de chuva forte at\u00e9 a meia-noite.<\/p>\n","protected":false},"excerpt":{"rendered":"<p>Segundo informa\u00e7\u00f5es do site da Prefeitura de Juiz de Fora (PJF), Juiz de Fora registrou 52mm de chuva em apenas uma hora &#8211; entre 16h e 17h &#8211; na regi\u00e3o central, que foi a mais atingida. J\u00e1 nos bairros S\u00e3o Pedro, Nossa Senhora de Lourdes e Milho Branco choveu neste per\u00edodo, respectivamente, 32mm, 28mm e [&hellip;]<\/p>\n","protected":false},"author":246,"featured_media":219004,"comment_status":"closed","ping_status":"closed","sticky":false,"template":"","format":"standard","meta":{"footnotes":""},"categories":[253,436,440,439],"tags":[],"class_list":["post-219003","post","type-post","status-publish","format-standard","has-post-thumbnail","hentry","category-cidade","category-destaque-da-semana","category-destaques-do-dia","category-ultima-hora"],"_links":{"self":[{"href":"https:\/\/diarioregionaldigital.com.br\/index.php?rest_route=\/wp\/v2\/posts\/219003","targetHints":{"allow":["GET"]}}],"collection":[{"href":"https:\/\/diarioregionaldigital.com.br\/index.php?rest_route=\/wp\/v2\/posts"}],"about":[{"href":"https:\/\/diarioregionaldigital.com.br\/index.php?rest_route=\/wp\/v2\/types\/post"}],"author":[{"embeddable":true,"href":"https:\/\/diarioregionaldigital.com.br\/index.php?rest_route=\/wp\/v2\/users\/246"}],"replies":[{"embeddable":true,"href":"https:\/\/diarioregionaldigital.com.br\/index.php?rest_route=%2Fwp%2Fv2%2Fcomments&post=219003"}],"version-history":[{"count":1,"href":"https:\/\/diarioregionaldigital.com.br\/index.php?rest_route=\/wp\/v2\/posts\/219003\/revisions"}],"predecessor-version":[{"id":219005,"href":"https:\/\/diarioregionaldigital.com.br\/index.php?rest_route=\/wp\/v2\/posts\/219003\/revisions\/219005"}],"wp:featuredmedia":[{"embeddable":true,"href":"https:\/\/diarioregionaldigital.com.br\/index.php?rest_route=\/wp\/v2\/media\/219004"}],"wp:attachment":[{"href":"https:\/\/diarioregionaldigital.com.br\/index.php?rest_route=%2Fwp%2Fv2%2Fmedia&parent=219003"}],"wp:term":[{"taxonomy":"category","embeddable":true,"href":"https:\/\/diarioregionaldigital.com.br\/index.php?rest_route=%2Fwp%2Fv2%2Fcategories&post=219003"},{"taxonomy":"post_tag","embeddable":true,"href":"https:\/\/diarioregionaldigital.com.br\/index.php?rest_route=%2Fwp%2Fv2%2Ftags&post=219003"}],"curies":[{"name":"wp","href":"https:\/\/api.w.org\/{rel}","templated":true}]}}