{"id":218997,"date":"2023-10-26T20:34:19","date_gmt":"2023-10-26T23:34:19","guid":{"rendered":"https:\/\/diarioregionaldigital.com.br\/?p=218997"},"modified":"2023-10-26T20:34:19","modified_gmt":"2023-10-26T23:34:19","slug":"derrota-do-mexico-garante-beisebol-brasileiro-em-final-inedita-no-pan","status":"publish","type":"post","link":"https:\/\/diarioregionaldigital.com.br\/?p=218997","title":{"rendered":"Derrota do M\u00e9xico garante beisebol brasileiro em final in\u00e9dita no Pan"},"content":{"rendered":"<p>Mesmo sem entrar em campo nesta quinta-feira (26), a sele\u00e7\u00e3o brasileira de beisebol se classificou antecipadamente para a primeira final da hist\u00f3ria da modalidade em edi\u00e7\u00f5es dos Jogos Pan-Americanos. Os brasileiros, invictos no\u00a0<a href=\"https:\/\/results-santiago2023.org\/#\/schedule\/daily\/2023-10-27\"><strong>Pan de Santiago<\/strong><\/a>,\u00a0foram favorecidos pela derrota do M\u00e9xico hoje, diante da Col\u00f4mbia, por 10 a 2. J\u00e1 assegurado na disputa da t\u00e3o sonhada medalha de ouro, o Brasil cumpre tabela nesta sexta (27), no \u00faltimo embate do quadrangular (tamb\u00e9m conhecido por super-round, ou super-rodada), exatamente contra a sele\u00e7\u00e3o mexicana, \u00e0s 15h (hor\u00e1rio de Bras\u00edlia). Antes, \u00e0s 9h30, a Col\u00f4mbia enfrenta o Panam\u00e1. O Pan de Santiago tem<a href=\"https:\/\/www.canalolimpicodobrasil.com.br\/\"><strong>\u00a0transmiss\u00e3o ao vivo\u00a0<\/strong><\/a>no site do Canal Ol\u00edmpico.<img decoding=\"async\" src=\"https:\/\/agenciabrasil.ebc.com.br\/ebc.png?id=1563089&amp;o=node\" \/><img decoding=\"async\" src=\"https:\/\/agenciabrasil.ebc.com.br\/ebc.gif?id=1563089&amp;o=node\" \/><\/p>\n<p>Ap\u00f3s uma campanha hist\u00f3rica, o Brasil avan\u00e7ou ao quadrangular final na lideran\u00e7a do Grupo B, o que lhe valeu uma vantagem: uma vit\u00f3ria \u00e0 frente das demais sele\u00e7\u00f5es. Ou seja, a sele\u00e7\u00e3o dependia de apenas dois triunfos para avan\u00e7ar \u00e0 final. Na primeira rodada do quadrangular, na quarta (25), os brasileiros ganharam do Panam\u00e1, por 5 a 3.<\/p>\n<p>O Brasil aguarda a defini\u00e7\u00e3o do outro finalista &#8211; o segundo melhor no quadrangular. A grande final valendo a medalha de ouro no Pan ser\u00e1 no s\u00e1bado, \u00e0s 15h. Antes, \u00e0s 9h30, ocorrer\u00e1 a disputa do bronze pelos duas piores sele\u00e7\u00f5es no quadrangular final.<\/p>\n<p>Ap\u00f3s 16 anos de aus\u00eancia do beisebol brasileiro no Pan-Americano, o pa\u00eds retornou \u00e0 competi\u00e7\u00e3o desbancando sele\u00e7\u00f5es com tradi\u00e7\u00e3o na modalidade. Foi o caso da Venezuela, na estreia, derrotada por 3 a 1. No segundo embate, os brasileiros ganharam por 4 a 3 da Col\u00f4mbia e depois fecharam a fase de grupos superando Cuba, outra pot\u00eancia da modalidade, por 4 a 2.<\/p>\n<p><span style=\"font-weight: 400;\"><br \/>\n<\/span><span style=\"font-weight: 400;\">Fonte: Ag\u00eancia Brasil <\/span><\/p>\n","protected":false},"excerpt":{"rendered":"<p>Mesmo sem entrar em campo nesta quinta-feira (26), a sele\u00e7\u00e3o brasileira de beisebol se classificou antecipadamente para a primeira final da hist\u00f3ria da modalidade em edi\u00e7\u00f5es dos Jogos Pan-Americanos. Os brasileiros, invictos no\u00a0Pan de Santiago,\u00a0foram favorecidos pela derrota do M\u00e9xico hoje, diante da Col\u00f4mbia, por 10 a 2. J\u00e1 assegurado na disputa da t\u00e3o sonhada [&hellip;]<\/p>\n","protected":false},"author":246,"featured_media":218998,"comment_status":"closed","ping_status":"closed","sticky":false,"template":"","format":"standard","meta":{"footnotes":""},"categories":[436,440,257,439],"tags":[],"class_list":["post-218997","post","type-post","status-publish","format-standard","has-post-thumbnail","hentry","category-destaque-da-semana","category-destaques-do-dia","category-esporte","category-ultima-hora"],"_links":{"self":[{"href":"https:\/\/diarioregionaldigital.com.br\/index.php?rest_route=\/wp\/v2\/posts\/218997","targetHints":{"allow":["GET"]}}],"collection":[{"href":"https:\/\/diarioregionaldigital.com.br\/index.php?rest_route=\/wp\/v2\/posts"}],"about":[{"href":"https:\/\/diarioregionaldigital.com.br\/index.php?rest_route=\/wp\/v2\/types\/post"}],"author":[{"embeddable":true,"href":"https:\/\/diarioregionaldigital.com.br\/index.php?rest_route=\/wp\/v2\/users\/246"}],"replies":[{"embeddable":true,"href":"https:\/\/diarioregionaldigital.com.br\/index.php?rest_route=%2Fwp%2Fv2%2Fcomments&post=218997"}],"version-history":[{"count":1,"href":"https:\/\/diarioregionaldigital.com.br\/index.php?rest_route=\/wp\/v2\/posts\/218997\/revisions"}],"predecessor-version":[{"id":218999,"href":"https:\/\/diarioregionaldigital.com.br\/index.php?rest_route=\/wp\/v2\/posts\/218997\/revisions\/218999"}],"wp:featuredmedia":[{"embeddable":true,"href":"https:\/\/diarioregionaldigital.com.br\/index.php?rest_route=\/wp\/v2\/media\/218998"}],"wp:attachment":[{"href":"https:\/\/diarioregionaldigital.com.br\/index.php?rest_route=%2Fwp%2Fv2%2Fmedia&parent=218997"}],"wp:term":[{"taxonomy":"category","embeddable":true,"href":"https:\/\/diarioregionaldigital.com.br\/index.php?rest_route=%2Fwp%2Fv2%2Fcategories&post=218997"},{"taxonomy":"post_tag","embeddable":true,"href":"https:\/\/diarioregionaldigital.com.br\/index.php?rest_route=%2Fwp%2Fv2%2Ftags&post=218997"}],"curies":[{"name":"wp","href":"https:\/\/api.w.org\/{rel}","templated":true}]}}