{"id":218991,"date":"2023-10-26T20:23:09","date_gmt":"2023-10-26T23:23:09","guid":{"rendered":"https:\/\/diarioregionaldigital.com.br\/?p=218991"},"modified":"2023-10-26T20:23:09","modified_gmt":"2023-10-26T23:23:09","slug":"tse-tem-2-votos-para-condenar-bolsonaro-sessao-sera-retomada-na-terca","status":"publish","type":"post","link":"https:\/\/diarioregionaldigital.com.br\/?p=218991","title":{"rendered":"TSE tem 2 votos para condenar Bolsonaro; sess\u00e3o ser\u00e1 retomada na ter\u00e7a"},"content":{"rendered":"<p>O Tribunal Superior Eleitoral (TSE) contabilizou nesta quinta-feira (26) placar de 2 votos a 1 pela condena\u00e7\u00e3o do ex-presidente Jair Bolsonaro por abuso de poder pol\u00edtico e econ\u00f4mico pelo uso eleitoreiro das comemora\u00e7\u00f5es de 7 de setembro de 2022.<img decoding=\"async\" src=\"https:\/\/agenciabrasil.ebc.com.br\/ebc.png?id=1562987&amp;o=node\" \/><img decoding=\"async\" src=\"https:\/\/agenciabrasil.ebc.com.br\/ebc.gif?id=1562987&amp;o=node\" \/><\/p>\n<p>Apesar do placar, a sess\u00e3o foi suspensa por volta das 13h e ser\u00e1 retomada na pr\u00f3xima ter\u00e7a-feira (31), quando mais quatro ministros devem votar.<\/p>\n<p>Na sess\u00e3o de hoje, o ministro Benedito Gon\u00e7alves, relator do caso, votou pela condena\u00e7\u00e3o de Bolsonaro. Para o ministro, o ex-presidente usou a estrutura do evento c\u00edvico para promover sua candidatura \u00e0 reelei\u00e7\u00e3o.<\/p>\n<p>Se o entendimento for seguido pela maioria dos ministros, Bolsonaro pode ser condenado \u00e0 inelegibilidade por oito anos pela segunda vez. Contudo, o prazo de oito anos continua valendo em fun\u00e7\u00e3o da primeira condena\u00e7\u00e3o e n\u00e3o ser\u00e1 contado duas vezes.<\/p>\n<p>Em junho deste ano, o ex-presidente foi condenado pela corte eleitoral \u00e0\u00a0<a href=\"https:\/\/agenciabrasil.ebc.com.br\/justica\/noticia\/2023-06\/por-5-votos-2-tse-torna-bolsonaro-inelegivel-por-oito-anos\" target=\"_blank\" rel=\"noopener\">inelegibilidade por oito anos<\/a>\u00a0por abuso de poder pol\u00edtico e uso indevido dos meios de comunica\u00e7\u00e3o ao usar uma reuni\u00e3o com embaixadores, em julho do ano passado, no Pal\u00e1cio da Alvorada, para atacar o sistema eletr\u00f4nico de vota\u00e7\u00e3o. Pela condena\u00e7\u00e3o, Bolsonaro est\u00e1 impedido de participar das elei\u00e7\u00f5es at\u00e9 2030.<\/p>\n<p>O julgamento pelo TSE \u00e9 motivado por tr\u00eas a\u00e7\u00f5es protocoladas pelo PDT e a senadora Soraya Thronicke (Podemos-MS), que defenderam a inelegibilidade de Bolsonaro, al\u00e9m da aplica\u00e7\u00e3o de multa, pela acusa\u00e7\u00e3o de utiliza\u00e7\u00e3o das comemora\u00e7\u00f5es oficiais do Bicenten\u00e1rio da Independ\u00eancia, em Bras\u00edlia e no Rio de Janeiro, para promo\u00e7\u00e3o candidatura \u00e0 reelei\u00e7\u00e3o nas elei\u00e7\u00f5es de outubro do ano passado.<\/p>\n<h2>Votos<\/h2>\n<p>Os outros dois votos foram proferidos pelos ministros Raul Ara\u00fajo e Floriano de Azevedo Marques. Ara\u00fajo divergiu do relator e entendeu que a legisla\u00e7\u00e3o eleitoral n\u00e3o impede a realiza\u00e7\u00e3o de com\u00edcios ap\u00f3s atos oficiais.<\/p>\n<p>\u201cQualquer candidato pode, ap\u00f3s um ato oficial, realizar, nas proximidades territorial e temporal, um ato de campanha\u201d, afirmou.<\/p>\n<p>Em seguida, Marques votou pela condena\u00e7\u00e3o de Bolsonaro e do general Braga Netto, vice na chapa do ex-presidente, \u00e0 inelegibilidade. Nos demais votos, o general foi absolvido.<\/p>\n<h2>Defesa<\/h2>\n<p>Na primeira sess\u00e3o do julgamento, realizada na ter\u00e7a-feira (24), a defesa de Bolsonaro disse que o ex-presidente n\u00e3o usou a comemora\u00e7\u00e3o do 7 de setembro para sua candidatura.<\/p>\n<p>De acordo com a defesa, Bolsonaro deixou o palanque oficial e foi at\u00e9 outra parte da Esplanada dos Minist\u00e9rios, onde um carro de som estava preparado pela campanha, sem vincula\u00e7\u00e3o com o evento c\u00edvico.<\/p>\n<p><span style=\"font-weight: 400;\">Fonte: Ag\u00eancia Brasil <\/span><\/p>\n","protected":false},"excerpt":{"rendered":"<p>O Tribunal Superior Eleitoral (TSE) contabilizou nesta quinta-feira (26) placar de 2 votos a 1 pela condena\u00e7\u00e3o do ex-presidente Jair Bolsonaro por abuso de poder pol\u00edtico e econ\u00f4mico pelo uso eleitoreiro das comemora\u00e7\u00f5es de 7 de setembro de 2022. Apesar do placar, a sess\u00e3o foi suspensa por volta das 13h e ser\u00e1 retomada na pr\u00f3xima [&hellip;]<\/p>\n","protected":false},"author":246,"featured_media":218992,"comment_status":"closed","ping_status":"closed","sticky":false,"template":"","format":"standard","meta":{"footnotes":""},"categories":[436,440,254,439],"tags":[],"class_list":["post-218991","post","type-post","status-publish","format-standard","has-post-thumbnail","hentry","category-destaque-da-semana","category-destaques-do-dia","category-politica","category-ultima-hora"],"_links":{"self":[{"href":"https:\/\/diarioregionaldigital.com.br\/index.php?rest_route=\/wp\/v2\/posts\/218991","targetHints":{"allow":["GET"]}}],"collection":[{"href":"https:\/\/diarioregionaldigital.com.br\/index.php?rest_route=\/wp\/v2\/posts"}],"about":[{"href":"https:\/\/diarioregionaldigital.com.br\/index.php?rest_route=\/wp\/v2\/types\/post"}],"author":[{"embeddable":true,"href":"https:\/\/diarioregionaldigital.com.br\/index.php?rest_route=\/wp\/v2\/users\/246"}],"replies":[{"embeddable":true,"href":"https:\/\/diarioregionaldigital.com.br\/index.php?rest_route=%2Fwp%2Fv2%2Fcomments&post=218991"}],"version-history":[{"count":1,"href":"https:\/\/diarioregionaldigital.com.br\/index.php?rest_route=\/wp\/v2\/posts\/218991\/revisions"}],"predecessor-version":[{"id":218993,"href":"https:\/\/diarioregionaldigital.com.br\/index.php?rest_route=\/wp\/v2\/posts\/218991\/revisions\/218993"}],"wp:featuredmedia":[{"embeddable":true,"href":"https:\/\/diarioregionaldigital.com.br\/index.php?rest_route=\/wp\/v2\/media\/218992"}],"wp:attachment":[{"href":"https:\/\/diarioregionaldigital.com.br\/index.php?rest_route=%2Fwp%2Fv2%2Fmedia&parent=218991"}],"wp:term":[{"taxonomy":"category","embeddable":true,"href":"https:\/\/diarioregionaldigital.com.br\/index.php?rest_route=%2Fwp%2Fv2%2Fcategories&post=218991"},{"taxonomy":"post_tag","embeddable":true,"href":"https:\/\/diarioregionaldigital.com.br\/index.php?rest_route=%2Fwp%2Fv2%2Ftags&post=218991"}],"curies":[{"name":"wp","href":"https:\/\/api.w.org\/{rel}","templated":true}]}}