{"id":218988,"date":"2023-10-26T20:13:27","date_gmt":"2023-10-26T23:13:27","guid":{"rendered":"https:\/\/diarioregionaldigital.com.br\/?p=218988"},"modified":"2023-10-26T20:13:27","modified_gmt":"2023-10-26T23:13:27","slug":"ministro-diz-que-renegociacao-possibilita-credito-ao-pequeno-produtor","status":"publish","type":"post","link":"https:\/\/diarioregionaldigital.com.br\/?p=218988","title":{"rendered":"Ministro diz que renegocia\u00e7\u00e3o possibilita cr\u00e9dito ao pequeno produtor"},"content":{"rendered":"<p>O ministro do Desenvolvimento Agr\u00e1rio e Agricultura Familiar, Paulo Teixeira, disse nesta quinta-feira (26) que a renegocia\u00e7\u00e3o de d\u00edvidas dos pequenos agricultores vai permitir que essas fam\u00edlias voltem a acessar o cr\u00e9dito rural. \u201cA gente oferece numa m\u00e3o cr\u00e9dito muito vantajoso e na outra m\u00e3o\u00a0tem gente que n\u00e3o pode acess\u00e1-lo exatamente porque est\u00e1 negativada. Essa pessoa tem que ser abrangida\u201d, disse, ao participar da cerim\u00f4nia de entrega do Pr\u00eamio Pacto Contra a Fome, na capital paulista.<img decoding=\"async\" src=\"https:\/\/agenciabrasil.ebc.com.br\/ebc.png?id=1562995&amp;o=node\" \/><img decoding=\"async\" src=\"https:\/\/agenciabrasil.ebc.com.br\/ebc.gif?id=1562995&amp;o=node\" \/><\/p>\n<p>Na segunda-feira (23), o ministro da Fazenda, Fernando Haddad, anunciou que a plataforma Desenrola poder\u00e1 ser usada para\u00a0<a href=\"https:\/\/agenciabrasil.ebc.com.br\/economia\/noticia\/2023-10\/plataforma-do-desenrola-renegociara-dividas-de-agricultores-familiares\" target=\"_blank\" rel=\"noopener\">renegociar d\u00edvidas<\/a>\u00a0de pequenos produtores rurais. O programa de renegocia\u00e7\u00e3o de d\u00edvidas j\u00e1 permitiu R$ 16 bilh\u00f5es em acordos na primeira fase e leiloou R$ 126 bilh\u00f5es em descontos na segunda fase. A iniciativa est\u00e1 agora na terceira etapa, em que promove o\u00a0refinanciamento de d\u00edvidas banc\u00e1rias e de consumo de at\u00e9 R$ 5 mil para devedores que ganham at\u00e9 dois sal\u00e1rios m\u00ednimos.<\/p>\n<p>Ap\u00f3s essa fase, a ideia \u00e9 que a plataforma, desenvolvida pela B3 (bolsa de valores brasileira), permita a renegocia\u00e7\u00e3o de d\u00edvidas dos pequenos produtores rurais. \u201cEnquanto isso as nossas equipes est\u00e3o trabalhando para preparar essa plataforma para o agricultor familiar\u201d, enfatizou o Teixeira.<\/p>\n<p>Ainda n\u00e3o existe uma estimativa de quantos produtores poderiam ser beneficiados ou qual seria o montante de renegocia\u00e7\u00e3o que o programa deve alcan\u00e7ar.<\/p>\n<h2>Desenrola<\/h2>\n<p>A plataforma do Desenrola est\u00e1 dispon\u00edvel no\u00a0<em>site<\/em>\u00a0<a href=\"http:\/\/www.desenrola.gov\/\" target=\"_blank\" rel=\"noopener\">www.desenrola.gov.br<\/a>. Para acess\u00e1-la, o consumidor precisa ter cadastro no\u00a0<a href=\"http:\/\/gov.br\/\" target=\"_blank\" rel=\"noopener\">Portal Gov.br<\/a>, com conta n\u00edvel prata ou ouro e estar com os dados cadastrais atualizados. Em seguida, o devedor ter\u00e1 de escolher uma institui\u00e7\u00e3o financeira ou empresa inscrita no programa para fazer a renegocia\u00e7\u00e3o. Em seguida, bastar\u00e1 selecionar o n\u00famero de parcelas e efetuar o pagamento.<\/p>\n<p>A p\u00e1gina ir\u00e1 listar as d\u00edvidas por ordem de desconto, do maior para o menor. Na etapa de leil\u00f5es, 654 empresas apresentaram as propostas, com o desconto m\u00e9dio ficando em 83% do valor original da d\u00edvida. No entanto, em alguns casos, o abatimento superou esse valor, dependendo da atividade econ\u00f4mica.<\/p>\n<p>Os consumidores precisam ficar atentos. A portaria do Minist\u00e9rio da Fazenda que regulamentou o Desenrola d\u00e1 20 dias, a partir da abertura do programa, para que as pessoas pe\u00e7am a renegocia\u00e7\u00e3o de suas d\u00edvidas. Caso o devedor n\u00e3o renegocie nesse intervalo, a fila anda e a oportunidade passa a outras pessoas.<\/p>\n<p><span style=\"font-weight: 400;\">Fonte: Ag\u00eancia Brasil <\/span><\/p>\n","protected":false},"excerpt":{"rendered":"<p>O ministro do Desenvolvimento Agr\u00e1rio e Agricultura Familiar, Paulo Teixeira, disse nesta quinta-feira (26) que a renegocia\u00e7\u00e3o de d\u00edvidas dos pequenos agricultores vai permitir que essas fam\u00edlias voltem a acessar o cr\u00e9dito rural. \u201cA gente oferece numa m\u00e3o cr\u00e9dito muito vantajoso e na outra m\u00e3o\u00a0tem gente que n\u00e3o pode acess\u00e1-lo exatamente porque est\u00e1 negativada. Essa [&hellip;]<\/p>\n","protected":false},"author":246,"featured_media":218989,"comment_status":"closed","ping_status":"closed","sticky":false,"template":"","format":"standard","meta":{"footnotes":""},"categories":[436,261,439],"tags":[],"class_list":["post-218988","post","type-post","status-publish","format-standard","has-post-thumbnail","hentry","category-destaque-da-semana","category-economia","category-ultima-hora"],"_links":{"self":[{"href":"https:\/\/diarioregionaldigital.com.br\/index.php?rest_route=\/wp\/v2\/posts\/218988","targetHints":{"allow":["GET"]}}],"collection":[{"href":"https:\/\/diarioregionaldigital.com.br\/index.php?rest_route=\/wp\/v2\/posts"}],"about":[{"href":"https:\/\/diarioregionaldigital.com.br\/index.php?rest_route=\/wp\/v2\/types\/post"}],"author":[{"embeddable":true,"href":"https:\/\/diarioregionaldigital.com.br\/index.php?rest_route=\/wp\/v2\/users\/246"}],"replies":[{"embeddable":true,"href":"https:\/\/diarioregionaldigital.com.br\/index.php?rest_route=%2Fwp%2Fv2%2Fcomments&post=218988"}],"version-history":[{"count":1,"href":"https:\/\/diarioregionaldigital.com.br\/index.php?rest_route=\/wp\/v2\/posts\/218988\/revisions"}],"predecessor-version":[{"id":218990,"href":"https:\/\/diarioregionaldigital.com.br\/index.php?rest_route=\/wp\/v2\/posts\/218988\/revisions\/218990"}],"wp:featuredmedia":[{"embeddable":true,"href":"https:\/\/diarioregionaldigital.com.br\/index.php?rest_route=\/wp\/v2\/media\/218989"}],"wp:attachment":[{"href":"https:\/\/diarioregionaldigital.com.br\/index.php?rest_route=%2Fwp%2Fv2%2Fmedia&parent=218988"}],"wp:term":[{"taxonomy":"category","embeddable":true,"href":"https:\/\/diarioregionaldigital.com.br\/index.php?rest_route=%2Fwp%2Fv2%2Fcategories&post=218988"},{"taxonomy":"post_tag","embeddable":true,"href":"https:\/\/diarioregionaldigital.com.br\/index.php?rest_route=%2Fwp%2Fv2%2Ftags&post=218988"}],"curies":[{"name":"wp","href":"https:\/\/api.w.org\/{rel}","templated":true}]}}