{"id":218985,"date":"2023-10-26T20:09:52","date_gmt":"2023-10-26T23:09:52","guid":{"rendered":"https:\/\/diarioregionaldigital.com.br\/?p=218985"},"modified":"2023-10-26T20:09:52","modified_gmt":"2023-10-26T23:09:52","slug":"custo-da-cesta-basica-cai-em-todas-as-regioes-do-pais-em-setembro","status":"publish","type":"post","link":"https:\/\/diarioregionaldigital.com.br\/?p=218985","title":{"rendered":"Custo da cesta b\u00e1sica cai em todas as regi\u00f5es do pa\u00eds em setembro"},"content":{"rendered":"<p>Em setembro, o custo da cesta b\u00e1sica Abrasmercado, composta por 35 produtos de largo consumo, caiu em todas as regi\u00f5es do pa\u00eds, informou, nesta quinta-feira (26), a Associa\u00e7\u00e3o Brasileira de Supermercados (Abras). A queda foi de 1,72% na compara\u00e7\u00e3o com agosto.<img decoding=\"async\" src=\"https:\/\/agenciabrasil.ebc.com.br\/ebc.png?id=1563081&amp;o=node\" \/><img decoding=\"async\" src=\"https:\/\/agenciabrasil.ebc.com.br\/ebc.gif?id=1563081&amp;o=node\" \/><\/p>\n<p>Segundo a Abras, nesse per\u00edodo, o pre\u00e7o m\u00e9dio da cesta recuou de R$ 717,55 para R$ 705,22. A maior queda foi registrada na Regi\u00e3o Sul (-2,19%), seguida pelas regi\u00f5es Nordeste (-1,69%), Sudeste (-1,51%), Centro-Oeste (-1,16%) e Norte (-0,71%).<\/p>\n<p>Quando se considera a cesta de alimentos b\u00e1sicos, com 12 produtos, a queda foi de 1,93% em setembro em rela\u00e7\u00e3o a agosto, com o pre\u00e7o m\u00e9dio saindo de R$ 305,00 para R$ 299,10.<\/p>\n<p>J\u00e1 o item consumo nos lares brasileiros manteve-se em setembro no patamar de crescimento de agosto, em torno de 0,80%. Na compara\u00e7\u00e3o com setembro do ano passado, o crescimento foi de 1,10%. No ano, a alta \u00e9 de 2,62% em rela\u00e7\u00e3o a 2022.<\/p>\n<p>\u201cO consumo se mant\u00e9m firme e tende a seguir nesse ritmo at\u00e9 o final do ano, uma vez que passamos a compar\u00e1-lo com uma base forte de crescimento. H\u00e1 de se recordar que foram injetados cerca de R$ 41,2 bilh\u00f5es na economia com a PEC [proposta de emenda \u00e0 Constitui\u00e7\u00e3o] dos Benef\u00edcios no ano anterior, que impulsionou o consumo no segundo semestre. Neste ano, os recursos escalonados e mais previs\u00edveis movimentam a economia e sustentam o consumo no domic\u00edlio, assim como as quedas consecutivas nos pre\u00e7os dos alimentos \u201d, disse, em nota, o vice-presidente da Abras, Marcio Milan.<\/p>\n<p><span style=\"font-weight: 400;\">Fonte: Ag\u00eancia Brasil <\/span><\/p>\n","protected":false},"excerpt":{"rendered":"<p>Em setembro, o custo da cesta b\u00e1sica Abrasmercado, composta por 35 produtos de largo consumo, caiu em todas as regi\u00f5es do pa\u00eds, informou, nesta quinta-feira (26), a Associa\u00e7\u00e3o Brasileira de Supermercados (Abras). A queda foi de 1,72% na compara\u00e7\u00e3o com agosto. Segundo a Abras, nesse per\u00edodo, o pre\u00e7o m\u00e9dio da cesta recuou de R$ 717,55 [&hellip;]<\/p>\n","protected":false},"author":246,"featured_media":218986,"comment_status":"closed","ping_status":"closed","sticky":false,"template":"","format":"standard","meta":{"footnotes":""},"categories":[436,440,261,439],"tags":[],"class_list":["post-218985","post","type-post","status-publish","format-standard","has-post-thumbnail","hentry","category-destaque-da-semana","category-destaques-do-dia","category-economia","category-ultima-hora"],"_links":{"self":[{"href":"https:\/\/diarioregionaldigital.com.br\/index.php?rest_route=\/wp\/v2\/posts\/218985","targetHints":{"allow":["GET"]}}],"collection":[{"href":"https:\/\/diarioregionaldigital.com.br\/index.php?rest_route=\/wp\/v2\/posts"}],"about":[{"href":"https:\/\/diarioregionaldigital.com.br\/index.php?rest_route=\/wp\/v2\/types\/post"}],"author":[{"embeddable":true,"href":"https:\/\/diarioregionaldigital.com.br\/index.php?rest_route=\/wp\/v2\/users\/246"}],"replies":[{"embeddable":true,"href":"https:\/\/diarioregionaldigital.com.br\/index.php?rest_route=%2Fwp%2Fv2%2Fcomments&post=218985"}],"version-history":[{"count":1,"href":"https:\/\/diarioregionaldigital.com.br\/index.php?rest_route=\/wp\/v2\/posts\/218985\/revisions"}],"predecessor-version":[{"id":218987,"href":"https:\/\/diarioregionaldigital.com.br\/index.php?rest_route=\/wp\/v2\/posts\/218985\/revisions\/218987"}],"wp:featuredmedia":[{"embeddable":true,"href":"https:\/\/diarioregionaldigital.com.br\/index.php?rest_route=\/wp\/v2\/media\/218986"}],"wp:attachment":[{"href":"https:\/\/diarioregionaldigital.com.br\/index.php?rest_route=%2Fwp%2Fv2%2Fmedia&parent=218985"}],"wp:term":[{"taxonomy":"category","embeddable":true,"href":"https:\/\/diarioregionaldigital.com.br\/index.php?rest_route=%2Fwp%2Fv2%2Fcategories&post=218985"},{"taxonomy":"post_tag","embeddable":true,"href":"https:\/\/diarioregionaldigital.com.br\/index.php?rest_route=%2Fwp%2Fv2%2Ftags&post=218985"}],"curies":[{"name":"wp","href":"https:\/\/api.w.org\/{rel}","templated":true}]}}