{"id":218973,"date":"2023-10-26T00:24:53","date_gmt":"2023-10-26T03:24:53","guid":{"rendered":"https:\/\/diarioregionaldigital.com.br\/?p=218973"},"modified":"2023-10-26T00:24:53","modified_gmt":"2023-10-26T03:24:53","slug":"praca-da-estacao-recebe-coleta-seletiva-na-praca-nesta-quinta-26","status":"publish","type":"post","link":"https:\/\/diarioregionaldigital.com.br\/?p=218973","title":{"rendered":"Pra\u00e7a da Esta\u00e7\u00e3o recebe \u201cColeta Seletiva na Pra\u00e7a\u201d nesta quinta, 26"},"content":{"rendered":"<p>Segundo informa\u00e7\u00f5es do site da Prefeitura de Juiz de Fora (PJF), nesta quinta, 26, ocorre mais uma edi\u00e7\u00e3o da \u201cColeta Seletiva na Pra\u00e7a\u201d. Das 9h \u00e0s 17h, na Pra\u00e7a da Esta\u00e7\u00e3o, poder\u00e3o ser descartados materiais s\u00f3lidos recicl\u00e1veis, como papel, vidro, pl\u00e1stico, metal, eletr\u00f4nico. Haver\u00e1 tamb\u00e9m um espa\u00e7o designado para o descarte do \u00f3leo de cozinha usado. Na edi\u00e7\u00e3o anterior da campanha, foram recolhidos 150kg de material.<br \/>\nA Coleta Seletiva na Pra\u00e7a \u00e9 uma iniciativa da Prefeitura de Juiz de Fora (PJF) em parceria com as associa\u00e7\u00f5es de catadores de materiais recicl\u00e1veis da cidade. O objetivo do projeto \u00e9 gerar renda para as associa\u00e7\u00f5es e contribuir para a preserva\u00e7\u00e3o do meio ambiente. A campanha ocorre toda quinta-feira, na pra\u00e7a da esta\u00e7\u00e3o.<br \/>\n<strong>Coleta seletiva<\/strong><br \/>\nO Departamento Municipal de Limpeza Urbana (Demlurb) disponibiliza o servi\u00e7o de coleta seletiva para 90% dos domic\u00edlios da cidade de Juiz de Fora, al\u00e9m de realizar campanhas para incentivar a popula\u00e7\u00e3o a realizar a coleta seletiva.<br \/>\nOs res\u00edduos secos origin\u00e1rios da coleta s\u00e3o encaminhados para as associa\u00e7\u00f5es de catadores de materiais recicl\u00e1veis conveniadas com o Departamento. Desse modo, a a\u00e7\u00e3o contribui na gera\u00e7\u00e3o de renda dos agentes ambientais e suas fam\u00edlias e, tamb\u00e9m, movimenta a economia do munic\u00edpio.<br \/>\n<strong>Veja abaixo o que pode ser descartado:<\/strong><\/p>\n<p>&nbsp;<\/p>\n<p>&#8211; Papel: folhas de papel, jornal, revista, papel\u00e3o, cartolina, embalagem Tetra Pak (caixinha de leite).<\/p>\n<p>&nbsp;<\/p>\n<p>&#8211; Pl\u00e1stico: isopor, potes e tampas, garrafas pl\u00e1sticas, garrafas pet, frascos de material de limpeza, frascos de produtos de higiene e beleza, brinquedos, baldes, material em PVC.<\/p>\n<p>&nbsp;<\/p>\n<p>&#8211; Vidro: copos, garrafas, embalagens de molho e potes de vidro.<\/p>\n<p>&nbsp;<\/p>\n<p>&#8211; Metal: latinhas de alum\u00ednio, latas de a\u00e7o (de \u00f3leo, de molho de tomate, de sardinha\u2026), ferragens, esquadrias, arames.<\/p>\n<p>&nbsp;<\/p>\n<p>&#8211; Eletr\u00f4nico: cabos, pilhas, l\u00e2mpada de led, televisores, carregadores, baterias, aparelhos celulares, CDs.<\/p>\n<p>&nbsp;<\/p>\n<p>&#8211; \u00d3leo de cozinha: ser\u00e1 disponibilizado um espa\u00e7o para o descarte do \u00f3leo usado.<br \/>\n<strong>Cuidados ao fazer o descarte:<\/strong><br \/>\n&#8211; \u00c9 recomend\u00e1vel limpar embalagens de pl\u00e1stico e isopor que estejam com restos de comida, como marmitex e caixas de leite.<br \/>\n&#8211; A melhor op\u00e7\u00e3o para descarte do \u00f3leo de cozinha \u00e9 na garrafa PET bem fechada, para evitar vazamentos.<br \/>\n&#8211; Se o vidro estiver inteiro, n\u00e3o precisa embal\u00e1-lo para descarte. Se estiver quebrado, leve-o dentro de uma garrafa PET ou caixa de papel\u00e3o.<\/p>\n<p>&nbsp;<\/p>\n","protected":false},"excerpt":{"rendered":"<p>Segundo informa\u00e7\u00f5es do site da Prefeitura de Juiz de Fora (PJF), nesta quinta, 26, ocorre mais uma edi\u00e7\u00e3o da \u201cColeta Seletiva na Pra\u00e7a\u201d. Das 9h \u00e0s 17h, na Pra\u00e7a da Esta\u00e7\u00e3o, poder\u00e3o ser descartados materiais s\u00f3lidos recicl\u00e1veis, como papel, vidro, pl\u00e1stico, metal, eletr\u00f4nico. Haver\u00e1 tamb\u00e9m um espa\u00e7o designado para o descarte do \u00f3leo de cozinha [&hellip;]<\/p>\n","protected":false},"author":246,"featured_media":218974,"comment_status":"closed","ping_status":"closed","sticky":false,"template":"","format":"standard","meta":{"footnotes":""},"categories":[253,436,439],"tags":[],"class_list":["post-218973","post","type-post","status-publish","format-standard","has-post-thumbnail","hentry","category-cidade","category-destaque-da-semana","category-ultima-hora"],"_links":{"self":[{"href":"https:\/\/diarioregionaldigital.com.br\/index.php?rest_route=\/wp\/v2\/posts\/218973","targetHints":{"allow":["GET"]}}],"collection":[{"href":"https:\/\/diarioregionaldigital.com.br\/index.php?rest_route=\/wp\/v2\/posts"}],"about":[{"href":"https:\/\/diarioregionaldigital.com.br\/index.php?rest_route=\/wp\/v2\/types\/post"}],"author":[{"embeddable":true,"href":"https:\/\/diarioregionaldigital.com.br\/index.php?rest_route=\/wp\/v2\/users\/246"}],"replies":[{"embeddable":true,"href":"https:\/\/diarioregionaldigital.com.br\/index.php?rest_route=%2Fwp%2Fv2%2Fcomments&post=218973"}],"version-history":[{"count":1,"href":"https:\/\/diarioregionaldigital.com.br\/index.php?rest_route=\/wp\/v2\/posts\/218973\/revisions"}],"predecessor-version":[{"id":218975,"href":"https:\/\/diarioregionaldigital.com.br\/index.php?rest_route=\/wp\/v2\/posts\/218973\/revisions\/218975"}],"wp:featuredmedia":[{"embeddable":true,"href":"https:\/\/diarioregionaldigital.com.br\/index.php?rest_route=\/wp\/v2\/media\/218974"}],"wp:attachment":[{"href":"https:\/\/diarioregionaldigital.com.br\/index.php?rest_route=%2Fwp%2Fv2%2Fmedia&parent=218973"}],"wp:term":[{"taxonomy":"category","embeddable":true,"href":"https:\/\/diarioregionaldigital.com.br\/index.php?rest_route=%2Fwp%2Fv2%2Fcategories&post=218973"},{"taxonomy":"post_tag","embeddable":true,"href":"https:\/\/diarioregionaldigital.com.br\/index.php?rest_route=%2Fwp%2Fv2%2Ftags&post=218973"}],"curies":[{"name":"wp","href":"https:\/\/api.w.org\/{rel}","templated":true}]}}