{"id":218970,"date":"2023-10-26T00:21:30","date_gmt":"2023-10-26T03:21:30","guid":{"rendered":"https:\/\/diarioregionaldigital.com.br\/?p=218970"},"modified":"2023-10-26T00:21:54","modified_gmt":"2023-10-26T03:21:54","slug":"e-m-professor-tarcisio-glanzmann-adota-projeto-de-horta-para-criancas","status":"publish","type":"post","link":"https:\/\/diarioregionaldigital.com.br\/?p=218970","title":{"rendered":"E. M. Professor Tarc\u00edsio Glanzmann adota projeto de horta para crian\u00e7as"},"content":{"rendered":"<p>Segundo informa\u00e7\u00f5es do site da Prefeitura de Juiz de Fora (PJF), a\u00a0Escola Municipal Professor Tarc\u00edsio Glanzmann, no bairro Nossa Senhora Aparecida, desenvolveu o projeto \u201cA horta das crian\u00e7as e o meio ambiente\u201d com o intuito de estimular uma alimenta\u00e7\u00e3o mais saud\u00e1vel entre os estudantes e seus familiares. Os educadores destinaram um espa\u00e7o da institui\u00e7\u00e3o para o plantio de frutas, verduras, flores e \u00e1rvores.<\/p>\n<p>A horta possibilita que os alunos coloquem as m\u00e3os na terra, conhe\u00e7am o processo de planta\u00e7\u00e3o e germina\u00e7\u00e3o das sementes, al\u00e9m de salientar a import\u00e2ncia da preserva\u00e7\u00e3o da natureza e do meio ambiente, assim como dos vegetais e frutas na pr\u00e1tica de uma nutri\u00e7\u00e3o balanceada.<br \/>\nA diretora da escola, Marivalda Rofino, enfatizou o car\u00e1ter pedag\u00f3gico, interativo, divertido e consciente do projeto que transformou \u201cuma \u00e1rea do espa\u00e7o escolar pouco utilizada em um espa\u00e7o vivo com uma horta e plantio de flores e \u00e1rvores de pequeno porte\u201d.<\/p>\n<p>A medida foi deliberada em reuni\u00e3o pedag\u00f3gica, pautada na Base Nacional Comum Curricular (BNCC) em alinhamento com o curr\u00edculo da rede municipal de Juiz de Fora que incentiva a integra\u00e7\u00e3o das crian\u00e7as com seus pares e com o meio ambiente. O livro de literatura infantil \u201cA horta do mundinho\u201d, de Ingrid Biesemeyer Bellinghausen, tamb\u00e9m foi adotado como refer\u00eancia.<\/p>\n","protected":false},"excerpt":{"rendered":"<p>Segundo informa\u00e7\u00f5es do site da Prefeitura de Juiz de Fora (PJF), a\u00a0Escola Municipal Professor Tarc\u00edsio Glanzmann, no bairro Nossa Senhora Aparecida, desenvolveu o projeto \u201cA horta das crian\u00e7as e o meio ambiente\u201d com o intuito de estimular uma alimenta\u00e7\u00e3o mais saud\u00e1vel entre os estudantes e seus familiares. Os educadores destinaram um espa\u00e7o da institui\u00e7\u00e3o para [&hellip;]<\/p>\n","protected":false},"author":246,"featured_media":218971,"comment_status":"closed","ping_status":"closed","sticky":false,"template":"","format":"standard","meta":{"footnotes":""},"categories":[253,436,440,439],"tags":[],"class_list":["post-218970","post","type-post","status-publish","format-standard","has-post-thumbnail","hentry","category-cidade","category-destaque-da-semana","category-destaques-do-dia","category-ultima-hora"],"_links":{"self":[{"href":"https:\/\/diarioregionaldigital.com.br\/index.php?rest_route=\/wp\/v2\/posts\/218970","targetHints":{"allow":["GET"]}}],"collection":[{"href":"https:\/\/diarioregionaldigital.com.br\/index.php?rest_route=\/wp\/v2\/posts"}],"about":[{"href":"https:\/\/diarioregionaldigital.com.br\/index.php?rest_route=\/wp\/v2\/types\/post"}],"author":[{"embeddable":true,"href":"https:\/\/diarioregionaldigital.com.br\/index.php?rest_route=\/wp\/v2\/users\/246"}],"replies":[{"embeddable":true,"href":"https:\/\/diarioregionaldigital.com.br\/index.php?rest_route=%2Fwp%2Fv2%2Fcomments&post=218970"}],"version-history":[{"count":1,"href":"https:\/\/diarioregionaldigital.com.br\/index.php?rest_route=\/wp\/v2\/posts\/218970\/revisions"}],"predecessor-version":[{"id":218972,"href":"https:\/\/diarioregionaldigital.com.br\/index.php?rest_route=\/wp\/v2\/posts\/218970\/revisions\/218972"}],"wp:featuredmedia":[{"embeddable":true,"href":"https:\/\/diarioregionaldigital.com.br\/index.php?rest_route=\/wp\/v2\/media\/218971"}],"wp:attachment":[{"href":"https:\/\/diarioregionaldigital.com.br\/index.php?rest_route=%2Fwp%2Fv2%2Fmedia&parent=218970"}],"wp:term":[{"taxonomy":"category","embeddable":true,"href":"https:\/\/diarioregionaldigital.com.br\/index.php?rest_route=%2Fwp%2Fv2%2Fcategories&post=218970"},{"taxonomy":"post_tag","embeddable":true,"href":"https:\/\/diarioregionaldigital.com.br\/index.php?rest_route=%2Fwp%2Fv2%2Ftags&post=218970"}],"curies":[{"name":"wp","href":"https:\/\/api.w.org\/{rel}","templated":true}]}}