{"id":218956,"date":"2023-10-25T23:48:46","date_gmt":"2023-10-26T02:48:46","guid":{"rendered":"https:\/\/diarioregionaldigital.com.br\/?p=218956"},"modified":"2023-10-25T23:48:46","modified_gmt":"2023-10-26T02:48:46","slug":"claudio-castro-propoe-no-senado-endurecimento-da-legislacao-penal","status":"publish","type":"post","link":"https:\/\/diarioregionaldigital.com.br\/?p=218956","title":{"rendered":"Cl\u00e1udio Castro prop\u00f5e no Senado endurecimento da legisla\u00e7\u00e3o penal"},"content":{"rendered":"<p>O governador do Rio de Janeiro, Cl\u00e1udio Castro, reuniu-se nesta quarta-feira (25), em Bras\u00edlia, com autoridades federais para tratar de medidas para conter a viol\u00eancia no estado.<\/p>\n<p>Em encontro com o ministro da Defesa, Jos\u00e9 M\u00facio Monteiro, Castro pediu refor\u00e7o para a seguran\u00e7a na Ba\u00eda da Guanabara, em portos, aeroportos e em estradas federais para combater a entrada de armas e drogas no estado. \u201cPara que, junto com a asfixia financeira dessas m\u00e1fias criminosas, o trabalho do Rio surta efeito. Para isso, \u00e9 importante essa asfixia, tanto na entrada de armas e drogas quanto na asfixia financeira\u201d, refor\u00e7ou o governador.\u00a0\u00a0<img decoding=\"async\" src=\"https:\/\/agenciabrasil.ebc.com.br\/ebc.png?id=1562863&amp;o=node\" \/><img decoding=\"async\" src=\"https:\/\/agenciabrasil.ebc.com.br\/ebc.gif?id=1562863&amp;o=node\" \/><\/p>\n<p>Segundo Castro, o ministro da Defesa foi muito acolhedor em rela\u00e7\u00e3o aos pleitos do estado e disse que o governo federal est\u00e1 imbu\u00eddo em ajudar o Rio de Janeiro. \u201cTodo mundo ficou muito sens\u00edvel [e sabe] que essa integra\u00e7\u00e3o das for\u00e7as federais e for\u00e7as estaduais \u00e9 fundamental para que a gente possa ter um resultado de sucesso e n\u00e3o ficar enxugando gelo.\u201d<\/p>\n<p>Castro disse que n\u00e3o h\u00e1 necessidade, no momento, de decreta\u00e7\u00e3o de Garantia da Lei e da Ordem (GLO) pelas For\u00e7as Armadas, apesar de a situa\u00e7\u00e3o atual ser t\u00e3o grave quanto em 2017, quando a medida foi implementada. \u201cA quest\u00e3o \u00e9 que, naquela \u00e9poca, as pol\u00edcias estavam sucateadas e hoje n\u00e3o est\u00e3o mais. Naquele momento, o Rio de Janeiro precisava que algu\u00e9m assumisse, hoje, n\u00e3o. Hoje precisa de parcerias.\u201d<\/p>\n<h2>Propostas<\/h2>\n<p>Ao se reunir com o presidente do Senado, Rodrigo Pacheco (PSD-MG), Castro apresentou propostas para endurecer a legisla\u00e7\u00e3o de combate a a\u00e7\u00f5es criminosas. \u201cO endurecimento das penas \u00e9 fundamental para que a gente possa gerar medo, para que a gente possa realmente ter um desincentivo aos criminosos que cometem crimes de terrorismo\u201d, disse, ressaltando que a seguran\u00e7a p\u00fablica do Rio h\u00e1 muito tempo deixou de ser uma quest\u00e3o regional.<\/p>\n<p>Entre as propostas apresentadas, est\u00e3o o fim da progress\u00e3o de pena para criminosos que usam armas de guerra; o fim da progress\u00e3o de pena para os envolvidos com lavagem de dinheiro para organiza\u00e7\u00f5es criminosas; o fim da progress\u00e3o de pena para criminosos que atuam em servi\u00e7os concessionados ilegais, a cria\u00e7\u00e3o de uma tarifa social em \u00e1reas eleg\u00edveis para servi\u00e7os como energia, \u00e1gua, televis\u00e3o a cabo e internet e a cria\u00e7\u00e3o de gabinetes estaduais contra lavagem de dinheiro.<\/p>\n<p>O governador tamb\u00e9m esteve com o ministro-chefe da Secretaria de Rela\u00e7\u00f5es Institucionais, Alexandre Padilha, e com o presidente da C\u00e2mara dos Deputados, Arthur Lira (PP-AL).<\/p>\n<p>Na tarde de segunda-feira (23), 35 \u00f4nibus foram incendiados na zona oeste do Rio de Janeiro, em uma rea\u00e7\u00e3o de criminosos \u00e0 morte, pela pol\u00edcia, de Matheus da Silva Rezende, o Faust\u00e3o, apontado como o n\u00famero 2 na hierarquia da mil\u00edcia que atua na regi\u00e3o. Segundo o Rio \u00d4nibus, foi o maior ataque \u00e0 frota de coletivos da cidade j\u00e1 realizado em um \u00fanico dia.<\/p>\n<p><span style=\"font-weight: 400;\">Fonte: Ag\u00eancia Brasil <\/span><\/p>\n","protected":false},"excerpt":{"rendered":"<p>O governador do Rio de Janeiro, Cl\u00e1udio Castro, reuniu-se nesta quarta-feira (25), em Bras\u00edlia, com autoridades federais para tratar de medidas para conter a viol\u00eancia no estado. Em encontro com o ministro da Defesa, Jos\u00e9 M\u00facio Monteiro, Castro pediu refor\u00e7o para a seguran\u00e7a na Ba\u00eda da Guanabara, em portos, aeroportos e em estradas federais para [&hellip;]<\/p>\n","protected":false},"author":246,"featured_media":218957,"comment_status":"closed","ping_status":"closed","sticky":false,"template":"","format":"standard","meta":{"footnotes":""},"categories":[436,254,439],"tags":[],"class_list":["post-218956","post","type-post","status-publish","format-standard","has-post-thumbnail","hentry","category-destaque-da-semana","category-politica","category-ultima-hora"],"_links":{"self":[{"href":"https:\/\/diarioregionaldigital.com.br\/index.php?rest_route=\/wp\/v2\/posts\/218956","targetHints":{"allow":["GET"]}}],"collection":[{"href":"https:\/\/diarioregionaldigital.com.br\/index.php?rest_route=\/wp\/v2\/posts"}],"about":[{"href":"https:\/\/diarioregionaldigital.com.br\/index.php?rest_route=\/wp\/v2\/types\/post"}],"author":[{"embeddable":true,"href":"https:\/\/diarioregionaldigital.com.br\/index.php?rest_route=\/wp\/v2\/users\/246"}],"replies":[{"embeddable":true,"href":"https:\/\/diarioregionaldigital.com.br\/index.php?rest_route=%2Fwp%2Fv2%2Fcomments&post=218956"}],"version-history":[{"count":1,"href":"https:\/\/diarioregionaldigital.com.br\/index.php?rest_route=\/wp\/v2\/posts\/218956\/revisions"}],"predecessor-version":[{"id":218958,"href":"https:\/\/diarioregionaldigital.com.br\/index.php?rest_route=\/wp\/v2\/posts\/218956\/revisions\/218958"}],"wp:featuredmedia":[{"embeddable":true,"href":"https:\/\/diarioregionaldigital.com.br\/index.php?rest_route=\/wp\/v2\/media\/218957"}],"wp:attachment":[{"href":"https:\/\/diarioregionaldigital.com.br\/index.php?rest_route=%2Fwp%2Fv2%2Fmedia&parent=218956"}],"wp:term":[{"taxonomy":"category","embeddable":true,"href":"https:\/\/diarioregionaldigital.com.br\/index.php?rest_route=%2Fwp%2Fv2%2Fcategories&post=218956"},{"taxonomy":"post_tag","embeddable":true,"href":"https:\/\/diarioregionaldigital.com.br\/index.php?rest_route=%2Fwp%2Fv2%2Ftags&post=218956"}],"curies":[{"name":"wp","href":"https:\/\/api.w.org\/{rel}","templated":true}]}}