{"id":218882,"date":"2023-10-22T06:00:38","date_gmt":"2023-10-22T09:00:38","guid":{"rendered":"https:\/\/diarioregionaldigital.com.br\/?p=218882"},"modified":"2023-10-21T04:11:45","modified_gmt":"2023-10-21T07:11:45","slug":"ensino-a-distancia-com-qualidade","status":"publish","type":"post","link":"https:\/\/diarioregionaldigital.com.br\/?p=218882","title":{"rendered":"Ensino \u00e0 dist\u00e2ncia com qualidade"},"content":{"rendered":"<p>Nos idos de 1995, quando pertenc\u00edamos ao ent\u00e3o Conselho Federal de Educa\u00e7\u00e3o, fomos pioneiros nos estudos para a implanta\u00e7\u00e3o no pa\u00eds de um bem montado sistema de educa\u00e7\u00e3o \u00e0 dist\u00e2ncia. Presidindo a C\u00e2mara de Ensino Superior, atendemos a um apelo do Senador Darcy Ribeiro para colaborar com o seu trabalho, \u00a0que resultou na Lei 9394\/96, hoje ainda em vigor, e que em cinco artigos definiu o que seria a nova modalidade.<\/p>\n<p>\u00c9 claro que sempre defendemos que isso tudo fosse feito com a preserva\u00e7\u00e3o de um aspecto essencial: a qualidade. Transmiti esse valor ao meu filho, Celso Niskier, que preside a Associa\u00e7\u00e3o Brasileira de Mantenedoras \u00a0do \u00a0Ensino Superior, al\u00e9m de ser reitor da Unicarioca, hoje com mais de 9 mil alunos.<\/p>\n<p>Mas isso parece que n\u00e3o foi bem compreendido por algumas institui\u00e7\u00f5es. O crescimento foi desordenado. Hoje, 72% dos alunos de n\u00edvel superior frequentam os cursos de EAD, o que \u00e9 um n\u00famero excessivo. Houve um del\u00edrio na atribui\u00e7\u00e3o de valores para as anuidades, consideradas muito baixas, com evidentes preju\u00edzos para a manuten\u00e7\u00e3o dessas entidades. A um custo t\u00e3o baixo, como remunerar adequadamente os seus professores?<\/p>\n<p>As consequ\u00eancias desse processo podem ser medidas por fatos lament\u00e1veis, como a sobra de vagas nas escolas p\u00fablicas. H\u00e1 cerca de 25% de vagas n\u00e3o preenchidas, com dados incr\u00edveis, \u00a0como a n\u00e3o utiliza\u00e7\u00e3o de vagas at\u00e9 em \u00e1reas sens\u00edveis, como \u00e9 o caso da Medicina. Uma distor\u00e7\u00e3o, sem d\u00favida.<\/p>\n<p>\u00c9 claro que o fen\u00f4meno est\u00e1 sendo acompanhado de perto pelo Ministro Camilo Santana. O MEC abriu uma consulta p\u00fablica para ouvir entidades e especialistas sobre uma poss\u00edvel mudan\u00e7a nas regras que regem a mat\u00e9ria (gradua\u00e7\u00e3o \u00e0 dist\u00e2ncia). Pretende, com isso, reverter os rumos desse processo.<\/p>\n<p>Deve-se registrar que, apesar de todos os percal\u00e7os, o ensino m\u00e9dio prossegue em suas atividades. Tem mais de 8 milh\u00f5es de estudantes. Mesmo que nem todos se formem, existe a expectativa de que um grande n\u00famero complete os estudos. Como n\u00e3o temos a tradi\u00e7\u00e3o de propiciar bons empregos em n\u00edvel intermedi\u00e1rio, a busca natural ser\u00e1 pelo ensino superior, com predom\u00ednio de cursos como Pedagogia, Administra\u00e7\u00e3o e Ci\u00eancias Cont\u00e1beis. O que se exige mesmo \u00e9 a indispens\u00e1vel qualidade<\/p>\n","protected":false},"excerpt":{"rendered":"<p>Nos idos de 1995, quando pertenc\u00edamos ao ent\u00e3o Conselho Federal de Educa\u00e7\u00e3o, fomos pioneiros nos estudos para a implanta\u00e7\u00e3o no pa\u00eds de um bem montado sistema de educa\u00e7\u00e3o \u00e0 dist\u00e2ncia. Presidindo a C\u00e2mara de Ensino Superior, atendemos a um apelo do Senador Darcy Ribeiro para colaborar com o seu trabalho, \u00a0que resultou na Lei 9394\/96, [&hellip;]<\/p>\n","protected":false},"author":96,"featured_media":0,"comment_status":"closed","ping_status":"closed","sticky":false,"template":"","format":"standard","meta":{"footnotes":""},"categories":[275],"tags":[],"class_list":["post-218882","post","type-post","status-publish","format-standard","hentry","category-arnaldo-niskier"],"_links":{"self":[{"href":"https:\/\/diarioregionaldigital.com.br\/index.php?rest_route=\/wp\/v2\/posts\/218882","targetHints":{"allow":["GET"]}}],"collection":[{"href":"https:\/\/diarioregionaldigital.com.br\/index.php?rest_route=\/wp\/v2\/posts"}],"about":[{"href":"https:\/\/diarioregionaldigital.com.br\/index.php?rest_route=\/wp\/v2\/types\/post"}],"author":[{"embeddable":true,"href":"https:\/\/diarioregionaldigital.com.br\/index.php?rest_route=\/wp\/v2\/users\/96"}],"replies":[{"embeddable":true,"href":"https:\/\/diarioregionaldigital.com.br\/index.php?rest_route=%2Fwp%2Fv2%2Fcomments&post=218882"}],"version-history":[{"count":1,"href":"https:\/\/diarioregionaldigital.com.br\/index.php?rest_route=\/wp\/v2\/posts\/218882\/revisions"}],"predecessor-version":[{"id":218883,"href":"https:\/\/diarioregionaldigital.com.br\/index.php?rest_route=\/wp\/v2\/posts\/218882\/revisions\/218883"}],"wp:attachment":[{"href":"https:\/\/diarioregionaldigital.com.br\/index.php?rest_route=%2Fwp%2Fv2%2Fmedia&parent=218882"}],"wp:term":[{"taxonomy":"category","embeddable":true,"href":"https:\/\/diarioregionaldigital.com.br\/index.php?rest_route=%2Fwp%2Fv2%2Fcategories&post=218882"},{"taxonomy":"post_tag","embeddable":true,"href":"https:\/\/diarioregionaldigital.com.br\/index.php?rest_route=%2Fwp%2Fv2%2Ftags&post=218882"}],"curies":[{"name":"wp","href":"https:\/\/api.w.org\/{rel}","templated":true}]}}