{"id":218880,"date":"2023-10-22T06:00:34","date_gmt":"2023-10-22T09:00:34","guid":{"rendered":"https:\/\/diarioregionaldigital.com.br\/?p=218880"},"modified":"2023-10-21T04:10:33","modified_gmt":"2023-10-21T07:10:33","slug":"saber-e-poder","status":"publish","type":"post","link":"https:\/\/diarioregionaldigital.com.br\/?p=218880","title":{"rendered":"Saber \u00e9 poder"},"content":{"rendered":"<p>O conhecimento capacita e sabedoria \u00e9 poder!<\/p>\n<p>\u201cO homem s\u00e1bio \u00e9 poderoso, e quem tem conhecimento aumenta a sua for\u00e7a\u201d (Prov\u00e9rbios 24: 5).<\/p>\n<p>Quem se enche de sabedoria e conhecimento conhece a si mesmo e sabe como as coisas funcionam. Tem opini\u00e3o sobre quase tudo, tem ideia do que deve fazer em cada situa\u00e7\u00e3o concreta, se antecipa em rela\u00e7\u00e3o aos perigos do mundo e guarda condi\u00e7\u00f5es para pavimentar um futuro melhor para si e para os seus.<\/p>\n<p>Nossa sociedade tem enaltecido sistematicamente a ignor\u00e2ncia e isso n\u00e3o \u00e9 por acaso. Os poderosos t\u00eam interesse na insci\u00eancia do povo para torn\u00e1-lo mais suscet\u00edvel \u00e0 domina\u00e7\u00e3o.<\/p>\n<p>Quanto mais a pessoa estiver no obscurantismo, menos ela \u00e9 senhora de si, mais \u00e9 dependente da interpreta\u00e7\u00e3o que os outros fazem das situa\u00e7\u00f5es e do papel dela na realidade, menos op\u00e7\u00f5es possui, maiores s\u00e3o os obst\u00e1culos para se libertar das amarras que a torna inapta para ser quem desejam ser.<\/p>\n<p>\u201cTenham cuidado com a maneira como voc\u00eas vivem; que n\u00e3o seja como insensatos, mas como s\u00e1bios, aproveitando ao m\u00e1ximo cada oportunidade, porque os dias s\u00e3o maus\u201d (Ef\u00e9sios 5: 15, 16).<\/p>\n<p>Portanto, aproveite toda oportunidade para estudar. Se n\u00e3o completou o ensino regular, nunca \u00e9 tarde para retomar os bancos escolares. Se sonha com aquela faculdade, nunca diga em seu cora\u00e7\u00e3o \u201ceu n\u00e3o sou capaz\u201d, ore a Deus e corra atr\u00e1s. Ou simplesmente mude os seus h\u00e1bitos. Em casa, cultive a boa leitura, explore as oportunidades que a internet tr\u00e1s, reavalie os programas que assiste\u2026<\/p>\n<p>Decida hoje mesmo alargar seus horizontes de conhecimento e obter mais sabedoria, torne-se uma pessoa mais capaz e amplie a sua for\u00e7a a cada dia.<\/p>\n<p>\u201cComo \u00e9 feliz o homem que acha a sabedoria, o homem que obt\u00e9m entendimento, pois a sabedoria \u00e9 mais proveitosa do que a prata e rende mais do que o ouro. \u00c9 mais preciosa do que rubis; nada do que voc\u00ea possa desejar se compara a ela\u201d (Prov\u00e9rbios 3: 13-15)<\/p>\n<p>S\u00e3o tantos os benef\u00edcios que a sabedoria e o conhecimento trazem que afirmamos sem sombra de d\u00favida que a vontade de Deus \u00e9 de que cultivemos ambos com muito vigor.<\/p>\n<p>\u201cSe algum de voc\u00eas tem falta de sabedoria, pe\u00e7a-a a Deus, que a todos d\u00e1 livremente, de boa vontade; e lhe ser\u00e1 concedida\u201d\u00a0 (Tiago 1: 5).<\/p>\n<p>Mas n\u00e3o confundamos sabedoria com ceticismo ou conhecimento com materialismo. O conhecimento associado \u00e0 f\u00e9 \u00e9 mais sublime e a sabedoria s\u00f3 \u00e9 sabedoria quando est\u00e1 alicer\u00e7ada na orienta\u00e7\u00e3o do Alt\u00edssimo.<\/p>\n<p>\u201cO temor do Senhor \u00e9 o princ\u00edpio do conhecimento, mas os insensatos desprezam a sabedoria e a disciplina\u201d (Prov\u00e9rbios 1: 7).<\/p>\n<p>Ao contr\u00e1rio do que dizem por a\u00ed, a f\u00e9 faz a mente al\u00e7ar voos mais altos e descer mais fundo no entendimento da raz\u00e3o \u00faltima de tudo o que h\u00e1.<\/p>\n<p>\u201cPois o Senhor \u00e9 quem d\u00e1 sabedoria; de sua boca procedem o conhecimento e o discernimento\u201d (Prov\u00e9rbios 2: 6).<\/p>\n","protected":false},"excerpt":{"rendered":"<p>O conhecimento capacita e sabedoria \u00e9 poder! \u201cO homem s\u00e1bio \u00e9 poderoso, e quem tem conhecimento aumenta a sua for\u00e7a\u201d (Prov\u00e9rbios 24: 5). Quem se enche de sabedoria e conhecimento conhece a si mesmo e sabe como as coisas funcionam. Tem opini\u00e3o sobre quase tudo, tem ideia do que deve fazer em cada situa\u00e7\u00e3o concreta, [&hellip;]<\/p>\n","protected":false},"author":96,"featured_media":0,"comment_status":"closed","ping_status":"closed","sticky":false,"template":"","format":"standard","meta":{"footnotes":""},"categories":[1244],"tags":[],"class_list":["post-218880","post","type-post","status-publish","format-standard","hentry","category-oleg-abramov"],"_links":{"self":[{"href":"https:\/\/diarioregionaldigital.com.br\/index.php?rest_route=\/wp\/v2\/posts\/218880","targetHints":{"allow":["GET"]}}],"collection":[{"href":"https:\/\/diarioregionaldigital.com.br\/index.php?rest_route=\/wp\/v2\/posts"}],"about":[{"href":"https:\/\/diarioregionaldigital.com.br\/index.php?rest_route=\/wp\/v2\/types\/post"}],"author":[{"embeddable":true,"href":"https:\/\/diarioregionaldigital.com.br\/index.php?rest_route=\/wp\/v2\/users\/96"}],"replies":[{"embeddable":true,"href":"https:\/\/diarioregionaldigital.com.br\/index.php?rest_route=%2Fwp%2Fv2%2Fcomments&post=218880"}],"version-history":[{"count":1,"href":"https:\/\/diarioregionaldigital.com.br\/index.php?rest_route=\/wp\/v2\/posts\/218880\/revisions"}],"predecessor-version":[{"id":218881,"href":"https:\/\/diarioregionaldigital.com.br\/index.php?rest_route=\/wp\/v2\/posts\/218880\/revisions\/218881"}],"wp:attachment":[{"href":"https:\/\/diarioregionaldigital.com.br\/index.php?rest_route=%2Fwp%2Fv2%2Fmedia&parent=218880"}],"wp:term":[{"taxonomy":"category","embeddable":true,"href":"https:\/\/diarioregionaldigital.com.br\/index.php?rest_route=%2Fwp%2Fv2%2Fcategories&post=218880"},{"taxonomy":"post_tag","embeddable":true,"href":"https:\/\/diarioregionaldigital.com.br\/index.php?rest_route=%2Fwp%2Fv2%2Ftags&post=218880"}],"curies":[{"name":"wp","href":"https:\/\/api.w.org\/{rel}","templated":true}]}}