{"id":218864,"date":"2023-10-20T22:47:50","date_gmt":"2023-10-21T01:47:50","guid":{"rendered":"https:\/\/diarioregionaldigital.com.br\/?p=218864"},"modified":"2023-10-20T22:47:50","modified_gmt":"2023-10-21T01:47:50","slug":"pan-ingrid-oliveira-se-classifica-a-final-nos-saltos-ornamentais","status":"publish","type":"post","link":"https:\/\/diarioregionaldigital.com.br\/?p=218864","title":{"rendered":"Pan: Ingrid Oliveira se classifica \u00e0 final nos saltos ornamentais"},"content":{"rendered":"<p>O Brasil segue com estreias exitosas nos\u00a0<a href=\"https:\/\/santiago2023.org\/es\"><strong>Jogos Pan-Americanos de Santiago\u00a0<\/strong><\/a>(Chile), antes mesmo da cerim\u00f4nia de abertura da 19\u00aa edi\u00e7\u00e3o do evento, programada para \u00e0s 20h (hor\u00e1rio de Bras\u00edlia) desta sexta-feira (20, no Est\u00e1dio Nacional da capital chilena. A abertura do Pan e as competi\u00e7\u00f5es t\u00eam\u00a0<strong><a href=\"https:\/\/www.canalolimpicodobrasil.com.br\/\">transmiss\u00e3o ao vivo<\/a><\/strong>\u00a0no Canal Ol\u00edmpico do Brasil na internet.<img decoding=\"async\" src=\"https:\/\/agenciabrasil.ebc.com.br\/ebc.png?id=1562047&amp;o=node\" \/><img decoding=\"async\" src=\"https:\/\/agenciabrasil.ebc.com.br\/ebc.gif?id=1562047&amp;o=node\" \/><\/p>\n<p>Hoje a carioca Ingrid Oliveira, de 27 anos, se classificou para a final dos saltos ornamentais, ao encerrar a fase eliminat\u00f3ria na quarta posi\u00e7\u00e3o (318,30 pontos). Ingrid volta a competir \u00e0s 19h de s\u00e1bado (21) e se faturar o ouro, garantir\u00e1 vaga ol\u00edmpica nominal nos Jogos de Paris 2024.<\/p>\n<p>\u201cHoje foi mais para me ambientar, a coloca\u00e7\u00e3o n\u00e3o \u00e9 t\u00e3o importante. N\u00e3o fui t\u00e3o bem nos tr\u00eas primeiros saltos, mas fiquei satisfeita, os meus dois \u00faltimos foram muito bons. A s\u00e9rie que fiz nas eliminat\u00f3rias \u00e9 a mesma que vou fazer amanh\u00e3, e estou bem confiante. Agora \u00e9 focar para acertar a s\u00e9rie na final\u201d, disse Ingrid, que j\u00e1 havia assegurado uma vaga ol\u00edmpica para o Brasil, ao se classificar \u00e0 final do Mundial de Esportes Aqu\u00e1ticos, em julho, em Fukuoka (Jap\u00e3o).<\/p>\n<h2>Viviane &#8216;Tanque&#8221; avan\u00e7a \u00e0s quartas no boxe<\/h2>\n<p>Quem tamb\u00e9m fez bonito nesta sexta (20) foi a brasiliense Viviane Pereira, de 24 anos, a boxeadora mais jovem da delega\u00e7\u00e3o feminina. Conhecida pelo apelido de \u201cTanque\u201d, a brasileira na estreia, por decis\u00e3o un\u00e2nime do ju\u00edzes, a argentina Lorena Balbuena na categoria 75 quilos e se garantiu nas quartas de final.<\/p>\n<p>O pr\u00f3ximo embate de Viviane Tanque embate ser\u00e1 na pr\u00f3xima ter\u00e7a (24), a\u00a0 partir do meio-dia, contra a experiente panamenha Atheyna Bylon \u2013 a boxeadora j\u00e1 participou de duas Olimp\u00edadas \u2013 que venceu hoje, por nocaute t\u00e9cnico a rival Eyed Angel George, de Trinidad e Tobago.<\/p>\n<blockquote><p>&#8220;Eu me senti muito bem. Como acontece em todas as lutas, a primeira foi com nervosismo e ansiedade. Mas eu fiz o trabalho que a gente vem realizando. Treinamos bem e sei que vamos chegar l\u00e1. S\u00e3o v\u00e1rias e v\u00e1rias lutas. Sei que vamos levar a medalha e conquistar a classifica\u00e7\u00e3o para Paris 2024. O Brasil est\u00e1 bem&#8221; avaliou a atleta em depoimento ao Comit\u00ea Ol\u00edmpico do Brasil (COB).<\/p><\/blockquote>\n<p>Ao todo 30 vagas ol\u00edmpicas para Paris 2024 est\u00e3o em jogo no Pan de Santiago. Das 13 categorias do boxe (masculino e feminino), 11 distribuir\u00e3o vagas a todos os finalistas. J\u00e1 as categorias 57 kg e at\u00e9 60 kg no feminino classificar\u00e3o as quatro melhores atletas.<\/p>\n<h2>Competi\u00e7\u00f5es de v\u00e1rias modalidades a partir de s\u00e1bado (21)<\/h2>\n<p>Os Jogos Pan-Americanos re\u00fanem cerca de sete mil atletas de 41 pa\u00edses na capital chilena. A delega\u00e7\u00e3o brasileira conta com a maior equipe esportiva da hist\u00f3ria no exterior: s\u00e3o ao todo 622 atletas e 11 reservas, al\u00e9m de mil outros integrantes (membros de comiss\u00f5es t\u00e9cnicas, oficiais de confedera\u00e7\u00f5es e do pr\u00f3prio COB).<\/p>\n<p>A competi\u00e7\u00e3o continental distribuir\u00e1 100 vagas diretas em 21 modalidades da Olimp\u00edada de Paris no ano que vem.\u00a0Boa parte das competi\u00e7\u00f5es t\u00eam in\u00edcio neste s\u00e1bado (21), com<strong>\u00a0<a href=\"https:\/\/www.canalolimpicodobrasil.com.br\/\">transmiss\u00e3o feita via streaming<\/a>,<\/strong>\u00a0no site do Canal Ol\u00edmpico do Brasil na internet.<\/p>\n<p>A programa\u00e7\u00e3o dos atletas brasileiros em atividade neste s\u00e1bado (21) pode ser acessada na conta do\u00a0<a href=\"https:\/\/twitter.com\/timebrasil\"><strong>Time Brasil\u00a0<\/strong><\/a>no Twitter.<\/p>\n<p><span style=\"font-weight: 400;\"><br \/>\n<\/span><span style=\"font-weight: 400;\">Fonte: Ag\u00eancia Brasil <\/span><\/p>\n","protected":false},"excerpt":{"rendered":"<p>O Brasil segue com estreias exitosas nos\u00a0Jogos Pan-Americanos de Santiago\u00a0(Chile), antes mesmo da cerim\u00f4nia de abertura da 19\u00aa edi\u00e7\u00e3o do evento, programada para \u00e0s 20h (hor\u00e1rio de Bras\u00edlia) desta sexta-feira (20, no Est\u00e1dio Nacional da capital chilena. A abertura do Pan e as competi\u00e7\u00f5es t\u00eam\u00a0transmiss\u00e3o ao vivo\u00a0no Canal Ol\u00edmpico do Brasil na internet. Hoje a [&hellip;]<\/p>\n","protected":false},"author":246,"featured_media":218865,"comment_status":"closed","ping_status":"closed","sticky":false,"template":"","format":"standard","meta":{"footnotes":""},"categories":[436,440,257,439],"tags":[],"class_list":["post-218864","post","type-post","status-publish","format-standard","has-post-thumbnail","hentry","category-destaque-da-semana","category-destaques-do-dia","category-esporte","category-ultima-hora"],"_links":{"self":[{"href":"https:\/\/diarioregionaldigital.com.br\/index.php?rest_route=\/wp\/v2\/posts\/218864","targetHints":{"allow":["GET"]}}],"collection":[{"href":"https:\/\/diarioregionaldigital.com.br\/index.php?rest_route=\/wp\/v2\/posts"}],"about":[{"href":"https:\/\/diarioregionaldigital.com.br\/index.php?rest_route=\/wp\/v2\/types\/post"}],"author":[{"embeddable":true,"href":"https:\/\/diarioregionaldigital.com.br\/index.php?rest_route=\/wp\/v2\/users\/246"}],"replies":[{"embeddable":true,"href":"https:\/\/diarioregionaldigital.com.br\/index.php?rest_route=%2Fwp%2Fv2%2Fcomments&post=218864"}],"version-history":[{"count":1,"href":"https:\/\/diarioregionaldigital.com.br\/index.php?rest_route=\/wp\/v2\/posts\/218864\/revisions"}],"predecessor-version":[{"id":218866,"href":"https:\/\/diarioregionaldigital.com.br\/index.php?rest_route=\/wp\/v2\/posts\/218864\/revisions\/218866"}],"wp:featuredmedia":[{"embeddable":true,"href":"https:\/\/diarioregionaldigital.com.br\/index.php?rest_route=\/wp\/v2\/media\/218865"}],"wp:attachment":[{"href":"https:\/\/diarioregionaldigital.com.br\/index.php?rest_route=%2Fwp%2Fv2%2Fmedia&parent=218864"}],"wp:term":[{"taxonomy":"category","embeddable":true,"href":"https:\/\/diarioregionaldigital.com.br\/index.php?rest_route=%2Fwp%2Fv2%2Fcategories&post=218864"},{"taxonomy":"post_tag","embeddable":true,"href":"https:\/\/diarioregionaldigital.com.br\/index.php?rest_route=%2Fwp%2Fv2%2Ftags&post=218864"}],"curies":[{"name":"wp","href":"https:\/\/api.w.org\/{rel}","templated":true}]}}