{"id":218857,"date":"2023-10-20T22:38:09","date_gmt":"2023-10-21T01:38:09","guid":{"rendered":"https:\/\/diarioregionaldigital.com.br\/?p=218857"},"modified":"2023-10-20T22:38:09","modified_gmt":"2023-10-21T01:38:09","slug":"brasil-diminuiu-tempo-gasto-com-gargalos-para-a-exportacao-diz-estudo","status":"publish","type":"post","link":"https:\/\/diarioregionaldigital.com.br\/?p=218857","title":{"rendered":"Brasil diminuiu tempo gasto com gargalos para a exporta\u00e7\u00e3o, diz estudo"},"content":{"rendered":"<p><span style=\"font-weight: 400;\">\u00a0<\/span><\/p>\n<p>Um relat\u00f3rio apresentado nesta sexta-feira (20) pela Receita Federal apresenta alguns dos principais gargalos do Brasil para a exporta\u00e7\u00e3o de seus produtos. O Estudo de Tempos de Libera\u00e7\u00e3o de Cargas mostra que o tempo m\u00e9dio gasto para exporta\u00e7\u00f5es comuns \u00e9 107 horas e 52 minutos.<img decoding=\"async\" src=\"https:\/\/agenciabrasil.ebc.com.br\/ebc.png?id=1562020&amp;o=node\" \/><img decoding=\"async\" src=\"https:\/\/agenciabrasil.ebc.com.br\/ebc.gif?id=1562020&amp;o=node\" \/><\/p>\n<p>Segundo o ministro da Fazenda, Fernando Haddad, o estudo, feito em 2023, revelou um cen\u00e1rio promissor, com forte aumento da efici\u00eancia na exporta\u00e7\u00e3o. &#8220;Foi uma redu\u00e7\u00e3o importante, em rela\u00e7\u00e3o \u00e0s aproximadamente 312 horas de alguns anos atr\u00e1s, antes da implanta\u00e7\u00e3o dos novos processos de exporta\u00e7\u00e3o no pa\u00eds&#8221;, disse o ministro por meio de um v\u00eddeo veiculado durante a cerim\u00f4nia de divulga\u00e7\u00e3o\u00a0<em>online<\/em>\u00a0do estudo.<\/p>\n<p>\u201cO estudo revela que ainda h\u00e1 um gargalo log\u00edstico; um desafio que precisamos enfrentar\u201d, acrescentou o ministro ao ressaltar que apenas 3% do tempo \u00e9 consumido nos tr\u00e2mites do poder p\u00fablico \u2013 o que, segundo ele, \u201creflete em boa parte os avan\u00e7os na aplica\u00e7\u00e3o do sistema de gest\u00e3o de risco da Receita Federal.\u201d<\/p>\n<p>As conclus\u00f5es do estudo foram detalhadas pelo auditor-fiscal da Receita Federal do Brasil, Jos\u00e9 Carlos de Ara\u00fajo. \u201cLevamos 107 horas para processar a exporta\u00e7\u00e3o brasileira [exporta\u00e7\u00e3o comum]. Deste total, 97% do tempo \u00e9 gasto em log\u00edstica ou procedimento por parte do exportador; do despachante; e para que a carga seja embarcada. Vimos que 91 horas, ou 85% do tempo m\u00e9dio para se exportar, \u00e9 gasto entre o desembara\u00e7o [quando a mercadoria est\u00e1 pronta, liberada por todos os \u00f3rg\u00e3os] e o seu embarque\u201d, disse.<\/p>\n<p>\u201cOutras 12, quase 13 horas, \u00e9 para que o exportador ou despachante fa\u00e7a a apresenta\u00e7\u00e3o da carga para despacho, que \u00e9 quando ele submete essa carga \u00e0 fiscaliza\u00e7\u00e3o. Ent\u00e3o n\u00f3s estamos falando de mais de 103 horas gastas em procedimentos\u201d, complementou.<\/p>\n<p>Na avalia\u00e7\u00e3o de Haddad, levantamentos como este s\u00e3o essenciais para o desenvolvimento do pa\u00eds. \u201c\u00c9 preciso conhecer em detalhes da realidade brasileira. Esse estudo sobre tempos de libera\u00e7\u00e3o de mercadorias \u00e9 um trabalho t\u00e9cnico de alto n\u00edvel, seguindo as diretrizes e metodologia da Organiza\u00e7\u00e3o Mundial das Aduanas, o que permite um diagn\u00f3stico preciso e a compara\u00e7\u00e3o efetiva com a experi\u00eancia de outros pa\u00edses.\u201d<\/p>\n<p><span style=\"font-weight: 400;\">Fonte: Ag\u00eancia Brasil\u00a0<\/span><span style=\"font-weight: 400;\"><br \/>\n<\/span><\/p>\n","protected":false},"excerpt":{"rendered":"<p>\u00a0 Um relat\u00f3rio apresentado nesta sexta-feira (20) pela Receita Federal apresenta alguns dos principais gargalos do Brasil para a exporta\u00e7\u00e3o de seus produtos. O Estudo de Tempos de Libera\u00e7\u00e3o de Cargas mostra que o tempo m\u00e9dio gasto para exporta\u00e7\u00f5es comuns \u00e9 107 horas e 52 minutos. Segundo o ministro da Fazenda, Fernando Haddad, o estudo, [&hellip;]<\/p>\n","protected":false},"author":246,"featured_media":218858,"comment_status":"closed","ping_status":"closed","sticky":false,"template":"","format":"standard","meta":{"footnotes":""},"categories":[436,440,254,439],"tags":[],"class_list":["post-218857","post","type-post","status-publish","format-standard","has-post-thumbnail","hentry","category-destaque-da-semana","category-destaques-do-dia","category-politica","category-ultima-hora"],"_links":{"self":[{"href":"https:\/\/diarioregionaldigital.com.br\/index.php?rest_route=\/wp\/v2\/posts\/218857","targetHints":{"allow":["GET"]}}],"collection":[{"href":"https:\/\/diarioregionaldigital.com.br\/index.php?rest_route=\/wp\/v2\/posts"}],"about":[{"href":"https:\/\/diarioregionaldigital.com.br\/index.php?rest_route=\/wp\/v2\/types\/post"}],"author":[{"embeddable":true,"href":"https:\/\/diarioregionaldigital.com.br\/index.php?rest_route=\/wp\/v2\/users\/246"}],"replies":[{"embeddable":true,"href":"https:\/\/diarioregionaldigital.com.br\/index.php?rest_route=%2Fwp%2Fv2%2Fcomments&post=218857"}],"version-history":[{"count":2,"href":"https:\/\/diarioregionaldigital.com.br\/index.php?rest_route=\/wp\/v2\/posts\/218857\/revisions"}],"predecessor-version":[{"id":218860,"href":"https:\/\/diarioregionaldigital.com.br\/index.php?rest_route=\/wp\/v2\/posts\/218857\/revisions\/218860"}],"wp:featuredmedia":[{"embeddable":true,"href":"https:\/\/diarioregionaldigital.com.br\/index.php?rest_route=\/wp\/v2\/media\/218858"}],"wp:attachment":[{"href":"https:\/\/diarioregionaldigital.com.br\/index.php?rest_route=%2Fwp%2Fv2%2Fmedia&parent=218857"}],"wp:term":[{"taxonomy":"category","embeddable":true,"href":"https:\/\/diarioregionaldigital.com.br\/index.php?rest_route=%2Fwp%2Fv2%2Fcategories&post=218857"},{"taxonomy":"post_tag","embeddable":true,"href":"https:\/\/diarioregionaldigital.com.br\/index.php?rest_route=%2Fwp%2Fv2%2Ftags&post=218857"}],"curies":[{"name":"wp","href":"https:\/\/api.w.org\/{rel}","templated":true}]}}