{"id":218851,"date":"2023-10-20T22:27:28","date_gmt":"2023-10-21T01:27:28","guid":{"rendered":"https:\/\/diarioregionaldigital.com.br\/?p=218851"},"modified":"2023-10-20T22:27:28","modified_gmt":"2023-10-21T01:27:28","slug":"governo-quer-acelerar-importacao-de-energia-da-venezuela-para-roraima","status":"publish","type":"post","link":"https:\/\/diarioregionaldigital.com.br\/?p=218851","title":{"rendered":"Governo quer acelerar importa\u00e7\u00e3o de energia da Venezuela para Roraima"},"content":{"rendered":"<p>O ministro de Minas e Energia, Alexandre Silveira, vai \u00e0 Venezuela na pr\u00f3xima semana para tentar acelerar a retomada da importa\u00e7\u00e3o de energia el\u00e9trica da usina hidrel\u00e9trica de Guri, localizada no Rio Caroni, para o estado de Roraima. O objetivo da visita ser\u00e1 vistoriar a linha de transmiss\u00e3o que liga a usina venezuelana a Roraima e verificar a capacidade de gera\u00e7\u00e3o da hidrel\u00e9trica.<img decoding=\"async\" src=\"https:\/\/agenciabrasil.ebc.com.br\/ebc.png?id=1562044&amp;o=node\" \/><img decoding=\"async\" src=\"https:\/\/agenciabrasil.ebc.com.br\/ebc.gif?id=1562044&amp;o=node\" \/><\/p>\n<p>&#8220;Queremos voltar da Venezuela com datas marcadas. Se a linha estiver segura e a produ\u00e7\u00e3o de energia em Guri estiver dentro da normalidade, acredito que em 30 dias j\u00e1 vamos ter essa energia chegando em Boa Vista&#8221;, informou Silveira, ap\u00f3s encontro com o presidente Luiz In\u00e1cio Lula da Silva, no Pal\u00e1cio da Alvorada, na tarde desta sexta-feira (20).<\/p>\n<p>A retomada da importa\u00e7\u00e3o de energia da Venezuela foi viabilizada por um decreto presidencial assinado em agosto. A medida \u00e9 importante porque atualmente Roraima \u00e9 o \u00fanico estado brasileiro que n\u00e3o est\u00e1 no Sistema Interligado Nacional, e tem seu suprimento energ\u00e9tico feito por meio de termel\u00e9tricas a \u00f3leo diesel, que \u00e9 mais cara e mais poluente. Roraima foi abastecido com a energia el\u00e9trica Guri entre 2001 e 2019, mas o fornecimento foi interrompido ap\u00f3s apag\u00f5es no pa\u00eds vizinho.<\/p>\n<p>Segundo o ministro, a importa\u00e7\u00e3o da energia vai representar seguran\u00e7a energ\u00e9tica para Roraima e a redu\u00e7\u00e3o de R$ 10 milh\u00f5es por m\u00eas para os consumidores de energia brasileiros. \u201cO Brasil quer modernizar o seu sistema energ\u00e9tico, se integrando com pa\u00edses vizinhos, a fim que possamos garantir seguran\u00e7a de suprimento com a maior modicidade tarif\u00e1ria poss\u00edvel\u201d, disse Silveira.<\/p>\n<p>Atualmente, o Brasil tem interc\u00e2mbios internacionais de energia el\u00e9trica com a Argentina e com o Uruguai, al\u00e9m do Paraguai, por meio da Usina Hidrel\u00e9trica Binacional Itaipu.<\/p>\n<p>Outra medida do governo para a Regi\u00e3o Norte \u00e9 a interliga\u00e7\u00e3o de Roraima ao Sistema Interligado Nacional que, segundo o ministro, deve estar conclu\u00edda em 1 ano.<\/p>\n<p><span style=\"font-weight: 400;\"><br \/>\n<\/span><span style=\"font-weight: 400;\">Fonte: Ag\u00eancia Brasil <\/span><\/p>\n","protected":false},"excerpt":{"rendered":"<p>O ministro de Minas e Energia, Alexandre Silveira, vai \u00e0 Venezuela na pr\u00f3xima semana para tentar acelerar a retomada da importa\u00e7\u00e3o de energia el\u00e9trica da usina hidrel\u00e9trica de Guri, localizada no Rio Caroni, para o estado de Roraima. O objetivo da visita ser\u00e1 vistoriar a linha de transmiss\u00e3o que liga a usina venezuelana a Roraima [&hellip;]<\/p>\n","protected":false},"author":246,"featured_media":218852,"comment_status":"closed","ping_status":"closed","sticky":false,"template":"","format":"standard","meta":{"footnotes":""},"categories":[436,440,261,439],"tags":[],"class_list":["post-218851","post","type-post","status-publish","format-standard","has-post-thumbnail","hentry","category-destaque-da-semana","category-destaques-do-dia","category-economia","category-ultima-hora"],"_links":{"self":[{"href":"https:\/\/diarioregionaldigital.com.br\/index.php?rest_route=\/wp\/v2\/posts\/218851","targetHints":{"allow":["GET"]}}],"collection":[{"href":"https:\/\/diarioregionaldigital.com.br\/index.php?rest_route=\/wp\/v2\/posts"}],"about":[{"href":"https:\/\/diarioregionaldigital.com.br\/index.php?rest_route=\/wp\/v2\/types\/post"}],"author":[{"embeddable":true,"href":"https:\/\/diarioregionaldigital.com.br\/index.php?rest_route=\/wp\/v2\/users\/246"}],"replies":[{"embeddable":true,"href":"https:\/\/diarioregionaldigital.com.br\/index.php?rest_route=%2Fwp%2Fv2%2Fcomments&post=218851"}],"version-history":[{"count":1,"href":"https:\/\/diarioregionaldigital.com.br\/index.php?rest_route=\/wp\/v2\/posts\/218851\/revisions"}],"predecessor-version":[{"id":218853,"href":"https:\/\/diarioregionaldigital.com.br\/index.php?rest_route=\/wp\/v2\/posts\/218851\/revisions\/218853"}],"wp:featuredmedia":[{"embeddable":true,"href":"https:\/\/diarioregionaldigital.com.br\/index.php?rest_route=\/wp\/v2\/media\/218852"}],"wp:attachment":[{"href":"https:\/\/diarioregionaldigital.com.br\/index.php?rest_route=%2Fwp%2Fv2%2Fmedia&parent=218851"}],"wp:term":[{"taxonomy":"category","embeddable":true,"href":"https:\/\/diarioregionaldigital.com.br\/index.php?rest_route=%2Fwp%2Fv2%2Fcategories&post=218851"},{"taxonomy":"post_tag","embeddable":true,"href":"https:\/\/diarioregionaldigital.com.br\/index.php?rest_route=%2Fwp%2Fv2%2Ftags&post=218851"}],"curies":[{"name":"wp","href":"https:\/\/api.w.org\/{rel}","templated":true}]}}