{"id":218846,"date":"2023-10-20T06:00:52","date_gmt":"2023-10-20T09:00:52","guid":{"rendered":"https:\/\/diarioregionaldigital.com.br\/?p=218846"},"modified":"2023-10-20T05:21:24","modified_gmt":"2023-10-20T08:21:24","slug":"prefeitura-municipal-de-descoberto-extrato-contrato-20-10-2023","status":"publish","type":"post","link":"https:\/\/diarioregionaldigital.com.br\/?p=218846","title":{"rendered":"Prefeitura Municipal de Descoberto &#8211; Extrato Contrato &#8211; 20\/10\/2023"},"content":{"rendered":"<p style=\"text-align: center;\"><strong>EXTRATO DE SEGUNDO TERMO ADITIVO DE CONTRATO<\/strong><\/p>\n<p style=\"text-align: center;\">2\u00ba Termo Aditivo. Pref. Municipal de Descoberto x Camaq Terraplanagem Ltda &#8211; Objeto: Modifica\u00e7\u00e3o do prazo de vig\u00eancia do contrato, que passar\u00e1 a vigorar de 30\/08\/23 a 29\/02\/2024 &#8211; Fundamento: Preg\u00e3o n\u00ba \u00a0022\/2022 \u2013 Valor Global: 230.000,00 \u00a0\u2013 Vig\u00eancia:\u00a0 30\/08\/2023 a 29\/02\/2024 \u00a0\u2013 Dot or\u00e7: 02.02009.18.541.0013.241-339039\/100- Ass: 30\/08\/2023 &#8211; Foro: S\u00e3o Jo\u00e3o Nepomuceno\/MG.<\/p>\n<p style=\"text-align: center;\"><strong>Marcos de Ara\u00fajo Lima<\/strong><\/p>\n<p style=\"text-align: center;\"><strong>Prefeito Municipal<\/strong><\/p>\n","protected":false},"excerpt":{"rendered":"<p>EXTRATO DE SEGUNDO TERMO ADITIVO DE CONTRATO 2\u00ba Termo Aditivo. Pref. Municipal de Descoberto x Camaq Terraplanagem Ltda &#8211; Objeto: Modifica\u00e7\u00e3o do prazo de vig\u00eancia do contrato, que passar\u00e1 a vigorar de 30\/08\/23 a 29\/02\/2024 &#8211; Fundamento: Preg\u00e3o n\u00ba \u00a0022\/2022 \u2013 Valor Global: 230.000,00 \u00a0\u2013 Vig\u00eancia:\u00a0 30\/08\/2023 a 29\/02\/2024 \u00a0\u2013 Dot or\u00e7: 02.02009.18.541.0013.241-339039\/100- Ass: 30\/08\/2023 [&hellip;]<\/p>\n","protected":false},"author":96,"featured_media":0,"comment_status":"closed","ping_status":"closed","sticky":false,"template":"","format":"standard","meta":{"footnotes":""},"categories":[307],"tags":[],"class_list":["post-218846","post","type-post","status-publish","format-standard","hentry","category-editais"],"_links":{"self":[{"href":"https:\/\/diarioregionaldigital.com.br\/index.php?rest_route=\/wp\/v2\/posts\/218846","targetHints":{"allow":["GET"]}}],"collection":[{"href":"https:\/\/diarioregionaldigital.com.br\/index.php?rest_route=\/wp\/v2\/posts"}],"about":[{"href":"https:\/\/diarioregionaldigital.com.br\/index.php?rest_route=\/wp\/v2\/types\/post"}],"author":[{"embeddable":true,"href":"https:\/\/diarioregionaldigital.com.br\/index.php?rest_route=\/wp\/v2\/users\/96"}],"replies":[{"embeddable":true,"href":"https:\/\/diarioregionaldigital.com.br\/index.php?rest_route=%2Fwp%2Fv2%2Fcomments&post=218846"}],"version-history":[{"count":1,"href":"https:\/\/diarioregionaldigital.com.br\/index.php?rest_route=\/wp\/v2\/posts\/218846\/revisions"}],"predecessor-version":[{"id":218847,"href":"https:\/\/diarioregionaldigital.com.br\/index.php?rest_route=\/wp\/v2\/posts\/218846\/revisions\/218847"}],"wp:attachment":[{"href":"https:\/\/diarioregionaldigital.com.br\/index.php?rest_route=%2Fwp%2Fv2%2Fmedia&parent=218846"}],"wp:term":[{"taxonomy":"category","embeddable":true,"href":"https:\/\/diarioregionaldigital.com.br\/index.php?rest_route=%2Fwp%2Fv2%2Fcategories&post=218846"},{"taxonomy":"post_tag","embeddable":true,"href":"https:\/\/diarioregionaldigital.com.br\/index.php?rest_route=%2Fwp%2Fv2%2Ftags&post=218846"}],"curies":[{"name":"wp","href":"https:\/\/api.w.org\/{rel}","templated":true}]}}