{"id":218828,"date":"2023-10-20T00:00:39","date_gmt":"2023-10-20T03:00:39","guid":{"rendered":"https:\/\/diarioregionaldigital.com.br\/?p=218828"},"modified":"2023-10-20T00:00:39","modified_gmt":"2023-10-20T03:00:39","slug":"bolsonaro-e-condenado-a-indenizar-jornalistas-por-danos-morais","status":"publish","type":"post","link":"https:\/\/diarioregionaldigital.com.br\/?p=218828","title":{"rendered":"Bolsonaro \u00e9 condenado a indenizar jornalistas por danos morais"},"content":{"rendered":"<p>Transitou em julgado a decis\u00e3o que condenou o ex-presidente da Rep\u00fablica, Jair Bolsonaro, a pagar indeniza\u00e7\u00e3o coletiva a jornalistas por danos morais em R$ 50 mil.<img decoding=\"async\" src=\"https:\/\/agenciabrasil.ebc.com.br\/ebc.png?id=1561886&amp;o=node\" \/><img decoding=\"async\" src=\"https:\/\/agenciabrasil.ebc.com.br\/ebc.gif?id=1561886&amp;o=node\" \/><\/p>\n<p>A decis\u00e3o foi promulgada pela 4\u00aa C\u00e2mara de Direito Privado do Tribunal de Justi\u00e7a de S\u00e3o Paulo. O valor da multa ser\u00e1 revertido\u00a0ao Fundo Estadual de Defesa dos Direitos Difusos de S\u00e3o Paulo.<\/p>\n<p>A a\u00e7\u00e3o do Sindicato dos Jornalistas Profissionais do Estado de S\u00e3o Paulo alegou que Bolsonaro atacava sistematicamente a categoria de forma agressiva em seus pronunciamentos e na rede social.<\/p>\n<p>O sindicato registrou 175 agress\u00f5es de Bolsonaro contra a imprensa em 2020. A fonte \u00e9 o relat\u00f3rio \u201cViol\u00eancia contra jornalistas e liberdade de imprensa no Brasil, da Federa\u00e7\u00e3o Nacional dos Jornalistas.<\/p>\n<p>O relat\u00f3rio apresenta exemplos, como os ataques homof\u00f3bicos, xingamentos, agress\u00f5es \u00e0s mulheres jornalistas durante entrevistas e at\u00e9 a amea\u00e7a de dar socos em um profissional.<\/p>\n<p>Tentamos contato com a assessoria do ex-presidente Bolsonaro, mas n\u00e3o conseguimos contato at\u00e9 o fechamento dessa reportagem.<\/p>\n<p><span style=\"font-weight: 400;\">Fonte: Ag\u00eancia Brasil <\/span><\/p>\n","protected":false},"excerpt":{"rendered":"<p>Transitou em julgado a decis\u00e3o que condenou o ex-presidente da Rep\u00fablica, Jair Bolsonaro, a pagar indeniza\u00e7\u00e3o coletiva a jornalistas por danos morais em R$ 50 mil. A decis\u00e3o foi promulgada pela 4\u00aa C\u00e2mara de Direito Privado do Tribunal de Justi\u00e7a de S\u00e3o Paulo. O valor da multa ser\u00e1 revertido\u00a0ao Fundo Estadual de Defesa dos Direitos [&hellip;]<\/p>\n","protected":false},"author":246,"featured_media":218829,"comment_status":"closed","ping_status":"closed","sticky":false,"template":"","format":"standard","meta":{"footnotes":""},"categories":[436,254,439],"tags":[],"class_list":["post-218828","post","type-post","status-publish","format-standard","has-post-thumbnail","hentry","category-destaque-da-semana","category-politica","category-ultima-hora"],"_links":{"self":[{"href":"https:\/\/diarioregionaldigital.com.br\/index.php?rest_route=\/wp\/v2\/posts\/218828","targetHints":{"allow":["GET"]}}],"collection":[{"href":"https:\/\/diarioregionaldigital.com.br\/index.php?rest_route=\/wp\/v2\/posts"}],"about":[{"href":"https:\/\/diarioregionaldigital.com.br\/index.php?rest_route=\/wp\/v2\/types\/post"}],"author":[{"embeddable":true,"href":"https:\/\/diarioregionaldigital.com.br\/index.php?rest_route=\/wp\/v2\/users\/246"}],"replies":[{"embeddable":true,"href":"https:\/\/diarioregionaldigital.com.br\/index.php?rest_route=%2Fwp%2Fv2%2Fcomments&post=218828"}],"version-history":[{"count":1,"href":"https:\/\/diarioregionaldigital.com.br\/index.php?rest_route=\/wp\/v2\/posts\/218828\/revisions"}],"predecessor-version":[{"id":218830,"href":"https:\/\/diarioregionaldigital.com.br\/index.php?rest_route=\/wp\/v2\/posts\/218828\/revisions\/218830"}],"wp:featuredmedia":[{"embeddable":true,"href":"https:\/\/diarioregionaldigital.com.br\/index.php?rest_route=\/wp\/v2\/media\/218829"}],"wp:attachment":[{"href":"https:\/\/diarioregionaldigital.com.br\/index.php?rest_route=%2Fwp%2Fv2%2Fmedia&parent=218828"}],"wp:term":[{"taxonomy":"category","embeddable":true,"href":"https:\/\/diarioregionaldigital.com.br\/index.php?rest_route=%2Fwp%2Fv2%2Fcategories&post=218828"},{"taxonomy":"post_tag","embeddable":true,"href":"https:\/\/diarioregionaldigital.com.br\/index.php?rest_route=%2Fwp%2Fv2%2Ftags&post=218828"}],"curies":[{"name":"wp","href":"https:\/\/api.w.org\/{rel}","templated":true}]}}