{"id":218822,"date":"2023-10-19T23:55:20","date_gmt":"2023-10-20T02:55:20","guid":{"rendered":"https:\/\/diarioregionaldigital.com.br\/?p=218822"},"modified":"2023-10-19T23:55:20","modified_gmt":"2023-10-20T02:55:20","slug":"tesouro-direto-lanca-financiamento-coletivo-para-educa","status":"publish","type":"post","link":"https:\/\/diarioregionaldigital.com.br\/?p=218822","title":{"rendered":"Tesouro Direto lan\u00e7a financiamento coletivo para Educa+"},"content":{"rendered":"<p>A partir desta quinta-feira (19), parentes e amigos poder\u00e3o investir em nome de crian\u00e7as e adolescentes no Tesouro Educa+. O Tesouro Nacional e a B3, a bolsa de valores brasileira, lan\u00e7aram uma modalidade de financiamento coletivo para comprar os t\u00edtulos, que formam uma poupan\u00e7a para custear estudos.<img decoding=\"async\" src=\"https:\/\/agenciabrasil.ebc.com.br\/ebc.png?id=1561782&amp;o=node\" \/><img decoding=\"async\" src=\"https:\/\/agenciabrasil.ebc.com.br\/ebc.gif?id=1561782&amp;o=node\" \/><\/p>\n<p>A funcionalidade est\u00e1 dispon\u00edvel na\u00a0<a href=\"https:\/\/www.tesourodireto.com.br\/\" target=\"_blank\" rel=\"noopener\">p\u00e1gina do Tesouro Direto<\/a>\u00a0para os cadastrados no programa. Primeiramente, os pais e respons\u00e1veis dever\u00e3o cadastrar uma conta em nome do menor de idade. O procedimento est\u00e1 detalhado no<a href=\"https:\/\/www.tesourodireto.com.br\/blog\/tesouro-direto-coletivo-nova-funcionalidade-para-facilitar-a-realizacao-dos-seus-objetivos.htm\" target=\"_blank\" rel=\"noopener\">\u00a0<em>blog<\/em>\u00a0do Tesouro Direto<\/a>.<\/p>\n<p>Ao clicar no bot\u00e3o Tesouro Direto Coletivo, os pais e respons\u00e1veis do menor de idade podem criar, na plataforma, uma campanha colaborativa, com objetivo definido. A campanha deve ter um nome e uma descri\u00e7\u00e3o, que ficar\u00e3o vis\u00edveis para os apoiadores.<\/p>\n<p>Ap\u00f3s essa etapa, ser\u00e1 gerado um\u00a0<em>link\u00a0<\/em>a ser divulgado a amigos e familiares, que poder\u00e3o escolher um valor de contribui\u00e7\u00e3o. O dinheiro ser\u00e1 transferido, via Pix, e financiar\u00e1 coletivamente o futuro educacional da crian\u00e7a cadastrada. A pr\u00f3pria p\u00e1gina permitir\u00e1 acompanhar a campanha e conferir os apoios j\u00e1 recebidos e quanto falta para alcan\u00e7ar o objetivo estabelecido.<\/p>\n<p>Segundo o secret\u00e1rio do Tesouro Nacional, Rog\u00e9rio Ceron, a nova ferramenta permite o financiamento coletivo para a educa\u00e7\u00e3o de crian\u00e7as e adolescentes com seguran\u00e7a, rapidez e facilidade. \u201cPela primeira vez na hist\u00f3ria do programa os investidores poder\u00e3o criar campanhas colaborativas que utilizar\u00e3o o Tesouro Educa+ para viabilizar a concretiza\u00e7\u00e3o do sonho do curso superior ou especializa\u00e7\u00f5es que ampliam as oportunidades no futuro de cada crian\u00e7a\u201d, disse o secret\u00e1rio.<\/p>\n<h2>Cadastro r\u00e1pido<\/h2>\n<p>Outra novidade lan\u00e7ada nesta quinta-feira \u00e9 a abertura r\u00e1pida de conta no Tesouro Direto em nome do menor de idade. Por meio da funcionalidade de cadastro r\u00e1pido chamada de Cad&amp;Pag, o registro de novos investidores no Tesouro Direto, programa de venda de t\u00edtulos p\u00fablicos a pessoas f\u00edsicas pela internet, ser\u00e1 integrado com os dados do Portal Gov.br (portal de servi\u00e7os p\u00fablicos do governo federal) e das institui\u00e7\u00f5es financeiras.<\/p>\n<p>O Cad&amp;Pag simplifica o cadastro das informa\u00e7\u00f5es pessoais at\u00e9 a cria\u00e7\u00e3o da conta com o banco ou corretora. Segundo o Tesouro Nacional, o tempo de abertura de uma conta em nome de um menor de idade cair\u00e1 de tr\u00eas dias \u00fateis para dez minutos. A integra\u00e7\u00e3o das bases de dados acelera a verifica\u00e7\u00e3o dos dados do titular da conta e a valida\u00e7\u00e3o da Ficha de Representante Legal, documento por meio do qual o respons\u00e1vel declara residir no endere\u00e7o informado concorda com as opera\u00e7\u00f5es realizadas na conta da crian\u00e7a.<\/p>\n<h2>Novos t\u00edtulos<\/h2>\n<p><a href=\"https:\/\/agenciabrasil.ebc.com.br\/economia\/noticia\/2023-08\/tesouro-comeca-vender-titulos-voltados-para-educacao\" target=\"_blank\" rel=\"noopener\">Lan\u00e7ado em agosto<\/a>, o Educa+ marca a segunda etapa do lan\u00e7amento de pap\u00e9is voltados a investimentos espec\u00edficos dentro do Programa Tesouro Direto. Em janeiro, o governo lan\u00e7ou o\u00a0<a href=\"https:\/\/agenciabrasil.ebc.com.br\/economia\/noticia\/2023-01\/novo-titulo-do-tesouro-direto-comeca-ser-vendido-hoje\" target=\"_blank\" rel=\"noopener\">Tesouro Renda+<\/a>, que permite o financiamento da aposentadoria complementar.<\/p>\n<p>At\u00e9 o fim de agosto, o papel tinha cerca de 60 mil investidores e R$ 1,103 bilh\u00e3o em volume aplicado. O Educa+ tinha R$ 33,3 milh\u00f5es no primeiro m\u00eas de circula\u00e7\u00e3o.<\/p>\n<h2>Capta\u00e7\u00e3o de recursos<\/h2>\n<p>O Tesouro Direto foi criado em janeiro de 2002 para popularizar esse tipo de aplica\u00e7\u00e3o e permitir que pessoas f\u00edsicas pudessem adquirir t\u00edtulos p\u00fablicos diretamente do Tesouro Nacional, via internet, sem intermedia\u00e7\u00e3o de agentes financeiros.<\/p>\n<p>A venda de t\u00edtulos \u00e9 uma das formas que o governo tem de captar recursos para pagar d\u00edvidas e honrar compromissos. Em troca, o Tesouro Nacional se compromete a devolver o valor com um adicional que pode variar de acordo com a Selic, \u00edndices de infla\u00e7\u00e3o, c\u00e2mbio ou uma taxa definida antecipadamente no caso dos pap\u00e9is prefixados.<\/p>\n<p>O interessado em saber mais sobre o Tesouro Educa+ e outros tipos de t\u00edtulos p\u00fablicos pode acessar o\u00a0<a href=\"https:\/\/www.tesourodireto.com.br\/\" target=\"_blank\" rel=\"noopener\"><em>site\u00a0<\/em>do Tesouro Direto<\/a>\u00a0ou entrar em contato com a sua corretora.<\/p>\n<p><span style=\"font-weight: 400;\">Fonte: Ag\u00eancia Brasil <\/span><\/p>\n","protected":false},"excerpt":{"rendered":"<p>A partir desta quinta-feira (19), parentes e amigos poder\u00e3o investir em nome de crian\u00e7as e adolescentes no Tesouro Educa+. O Tesouro Nacional e a B3, a bolsa de valores brasileira, lan\u00e7aram uma modalidade de financiamento coletivo para comprar os t\u00edtulos, que formam uma poupan\u00e7a para custear estudos. A funcionalidade est\u00e1 dispon\u00edvel na\u00a0p\u00e1gina do Tesouro Direto\u00a0para [&hellip;]<\/p>\n","protected":false},"author":246,"featured_media":218823,"comment_status":"closed","ping_status":"closed","sticky":false,"template":"","format":"standard","meta":{"footnotes":""},"categories":[436,261,439],"tags":[],"class_list":["post-218822","post","type-post","status-publish","format-standard","has-post-thumbnail","hentry","category-destaque-da-semana","category-economia","category-ultima-hora"],"_links":{"self":[{"href":"https:\/\/diarioregionaldigital.com.br\/index.php?rest_route=\/wp\/v2\/posts\/218822","targetHints":{"allow":["GET"]}}],"collection":[{"href":"https:\/\/diarioregionaldigital.com.br\/index.php?rest_route=\/wp\/v2\/posts"}],"about":[{"href":"https:\/\/diarioregionaldigital.com.br\/index.php?rest_route=\/wp\/v2\/types\/post"}],"author":[{"embeddable":true,"href":"https:\/\/diarioregionaldigital.com.br\/index.php?rest_route=\/wp\/v2\/users\/246"}],"replies":[{"embeddable":true,"href":"https:\/\/diarioregionaldigital.com.br\/index.php?rest_route=%2Fwp%2Fv2%2Fcomments&post=218822"}],"version-history":[{"count":1,"href":"https:\/\/diarioregionaldigital.com.br\/index.php?rest_route=\/wp\/v2\/posts\/218822\/revisions"}],"predecessor-version":[{"id":218824,"href":"https:\/\/diarioregionaldigital.com.br\/index.php?rest_route=\/wp\/v2\/posts\/218822\/revisions\/218824"}],"wp:featuredmedia":[{"embeddable":true,"href":"https:\/\/diarioregionaldigital.com.br\/index.php?rest_route=\/wp\/v2\/media\/218823"}],"wp:attachment":[{"href":"https:\/\/diarioregionaldigital.com.br\/index.php?rest_route=%2Fwp%2Fv2%2Fmedia&parent=218822"}],"wp:term":[{"taxonomy":"category","embeddable":true,"href":"https:\/\/diarioregionaldigital.com.br\/index.php?rest_route=%2Fwp%2Fv2%2Fcategories&post=218822"},{"taxonomy":"post_tag","embeddable":true,"href":"https:\/\/diarioregionaldigital.com.br\/index.php?rest_route=%2Fwp%2Fv2%2Ftags&post=218822"}],"curies":[{"name":"wp","href":"https:\/\/api.w.org\/{rel}","templated":true}]}}