{"id":218813,"date":"2023-10-19T04:45:40","date_gmt":"2023-10-19T07:45:40","guid":{"rendered":"https:\/\/diarioregionaldigital.com.br\/?p=218813"},"modified":"2023-10-19T04:45:40","modified_gmt":"2023-10-19T07:45:40","slug":"abandono-de-emprego-19-10-2023","status":"publish","type":"post","link":"https:\/\/diarioregionaldigital.com.br\/?p=218813","title":{"rendered":"Abandono de Emprego &#8211; 19\/10\/2023"},"content":{"rendered":"<p><strong>\u00a0ABANDONO DE EMPREGO <\/strong><\/p>\n<p><strong>ISABELA RODRIGUES E SOUZA CTPS: <\/strong>1130698 S\u00e9rie<strong> CTPS: <\/strong>6613 MG<\/p>\n<p>Esgotados nossos recursos de localiza\u00e7\u00e3o e tendo em vista encontrar-se em local n\u00e3o sabido, convidamos a Sra. ISABELA RODRIGUES E SOUZA, portadora da CTPS 1130698 S\u00e9rie CTPS: 6613 MG, a comparecer em nosso estabelecimento, a fim de retornar ao emprego ou justificar as faltas desde 08\/09\/2023, dentro do prazo de 48hs a partir desta publica\u00e7\u00e3o, sob pena de ficar rescindido, automaticamente, o contrato de trabalho, nos termos do art. 482 da CLT.<\/p>\n<p><strong>Juiz de Fora, 18 de outubro de 2023<\/strong><\/p>\n<p>&nbsp;<\/p>\n<p><strong>CLUBE DO FUT BAR E RESTAURANTE LTDA<\/strong><\/p>\n<p><strong>Endere\u00e7o:<\/strong> Rua: CATULO BREVIGLIERI, 880, LOJA 02 SUBSOLO <strong>Bairro:<\/strong> SANTA CATARINA <strong>Munic\u00edpio:<\/strong> Juiz de Fora &#8211; MG &#8211; 36.036-110<\/p>\n","protected":false},"excerpt":{"rendered":"<p>\u00a0ABANDONO DE EMPREGO ISABELA RODRIGUES E SOUZA CTPS: 1130698 S\u00e9rie CTPS: 6613 MG Esgotados nossos recursos de localiza\u00e7\u00e3o e tendo em vista encontrar-se em local n\u00e3o sabido, convidamos a Sra. ISABELA RODRIGUES E SOUZA, portadora da CTPS 1130698 S\u00e9rie CTPS: 6613 MG, a comparecer em nosso estabelecimento, a fim de retornar ao emprego ou justificar [&hellip;]<\/p>\n","protected":false},"author":96,"featured_media":0,"comment_status":"closed","ping_status":"closed","sticky":false,"template":"","format":"standard","meta":{"footnotes":""},"categories":[307],"tags":[],"class_list":["post-218813","post","type-post","status-publish","format-standard","hentry","category-editais"],"_links":{"self":[{"href":"https:\/\/diarioregionaldigital.com.br\/index.php?rest_route=\/wp\/v2\/posts\/218813","targetHints":{"allow":["GET"]}}],"collection":[{"href":"https:\/\/diarioregionaldigital.com.br\/index.php?rest_route=\/wp\/v2\/posts"}],"about":[{"href":"https:\/\/diarioregionaldigital.com.br\/index.php?rest_route=\/wp\/v2\/types\/post"}],"author":[{"embeddable":true,"href":"https:\/\/diarioregionaldigital.com.br\/index.php?rest_route=\/wp\/v2\/users\/96"}],"replies":[{"embeddable":true,"href":"https:\/\/diarioregionaldigital.com.br\/index.php?rest_route=%2Fwp%2Fv2%2Fcomments&post=218813"}],"version-history":[{"count":1,"href":"https:\/\/diarioregionaldigital.com.br\/index.php?rest_route=\/wp\/v2\/posts\/218813\/revisions"}],"predecessor-version":[{"id":218814,"href":"https:\/\/diarioregionaldigital.com.br\/index.php?rest_route=\/wp\/v2\/posts\/218813\/revisions\/218814"}],"wp:attachment":[{"href":"https:\/\/diarioregionaldigital.com.br\/index.php?rest_route=%2Fwp%2Fv2%2Fmedia&parent=218813"}],"wp:term":[{"taxonomy":"category","embeddable":true,"href":"https:\/\/diarioregionaldigital.com.br\/index.php?rest_route=%2Fwp%2Fv2%2Fcategories&post=218813"},{"taxonomy":"post_tag","embeddable":true,"href":"https:\/\/diarioregionaldigital.com.br\/index.php?rest_route=%2Fwp%2Fv2%2Ftags&post=218813"}],"curies":[{"name":"wp","href":"https:\/\/api.w.org\/{rel}","templated":true}]}}