{"id":218807,"date":"2023-10-18T23:35:53","date_gmt":"2023-10-19T02:35:53","guid":{"rendered":"https:\/\/diarioregionaldigital.com.br\/?p=218807"},"modified":"2023-10-18T23:35:53","modified_gmt":"2023-10-19T02:35:53","slug":"cesama-remodela-rede-de-agua-em-rua-do-bairro-costa-carvalho","status":"publish","type":"post","link":"https:\/\/diarioregionaldigital.com.br\/?p=218807","title":{"rendered":"Cesama remodela rede de \u00e1gua em rua do bairro Costa Carvalho"},"content":{"rendered":"<p>Segundo informa\u00e7\u00f5es do site da Prefeitura de Juiz de Fora (PJF), Localizada no bairro Costa Carvalho, a Rua Coronel Marcelino Gon\u00e7alves est\u00e1 recebendo os servi\u00e7os de remodela\u00e7\u00e3o de rede de \u00e1gua. O trabalho, realizado pela Companhia de Saneamento Municipal (Cesama), da Prefeitura de Juiz de Fora, foi iniciado na ter\u00e7a-feira, 17, como parte da programa\u00e7\u00e3o da companhia para garantir servi\u00e7os de qualidade \u00e0 popula\u00e7\u00e3o. Para realiza\u00e7\u00e3o da obra, haver\u00e1 interrup\u00e7\u00e3o no fornecimento de \u00e1gua de segunda a sexta-feira, de 8h \u00e0s 17h, podendo comprometer o abastecimento da rua nesse hor\u00e1rio.<\/p>\n<p>Segundo o engenheiro Roberto Bruce, \u201cas remodela\u00e7\u00f5es t\u00eam como objetivo substituir trechos obsoletos de rede, muitas vezes por motivo de idade e desgaste, por tubula\u00e7\u00f5es cujo material \u00e9 mais moderno e adequado ao n\u00famero de im\u00f3veis a serem atendidos\u201d. No caso espec\u00edfico da rua localizada no bairro Costa Carvalho, o novo material utilizado ser\u00e1 o PVC, em uma extens\u00e3o de, aproximadamente, 600 metros de rede com 60 mil\u00edmetros de di\u00e2metro.<\/p>\n<p>Na ter\u00e7a-feira, foi feita a instala\u00e7\u00e3o de um registro no in\u00edcio do trecho, dispositivo importante para que \u201cn\u00e3o haja necessidade de corte de fornecimento de \u00e1gua em todo o entorno e, sim, somente no trecho que ser\u00e1 remodelado, permitindo um maior controle operacional do sistema&#8221;, explica Bruce.<\/p>\n<p>Durante os trabalhos, ser\u00e1 necess\u00e1ria a interdi\u00e7\u00e3o parcial do tr\u00e2nsito na rua, que vai circular em meia pista. A previs\u00e3o \u00e9 de que o servi\u00e7o de remodela\u00e7\u00e3o da rede de \u00e1gua da Rua Coronel Marcelino Gon\u00e7alves esteja conclu\u00eddo at\u00e9 o final de novembro.<\/p>\n","protected":false},"excerpt":{"rendered":"<p>Segundo informa\u00e7\u00f5es do site da Prefeitura de Juiz de Fora (PJF), Localizada no bairro Costa Carvalho, a Rua Coronel Marcelino Gon\u00e7alves est\u00e1 recebendo os servi\u00e7os de remodela\u00e7\u00e3o de rede de \u00e1gua. O trabalho, realizado pela Companhia de Saneamento Municipal (Cesama), da Prefeitura de Juiz de Fora, foi iniciado na ter\u00e7a-feira, 17, como parte da programa\u00e7\u00e3o [&hellip;]<\/p>\n","protected":false},"author":246,"featured_media":218808,"comment_status":"closed","ping_status":"closed","sticky":false,"template":"","format":"standard","meta":{"footnotes":""},"categories":[253,436,439],"tags":[],"class_list":["post-218807","post","type-post","status-publish","format-standard","has-post-thumbnail","hentry","category-cidade","category-destaque-da-semana","category-ultima-hora"],"_links":{"self":[{"href":"https:\/\/diarioregionaldigital.com.br\/index.php?rest_route=\/wp\/v2\/posts\/218807","targetHints":{"allow":["GET"]}}],"collection":[{"href":"https:\/\/diarioregionaldigital.com.br\/index.php?rest_route=\/wp\/v2\/posts"}],"about":[{"href":"https:\/\/diarioregionaldigital.com.br\/index.php?rest_route=\/wp\/v2\/types\/post"}],"author":[{"embeddable":true,"href":"https:\/\/diarioregionaldigital.com.br\/index.php?rest_route=\/wp\/v2\/users\/246"}],"replies":[{"embeddable":true,"href":"https:\/\/diarioregionaldigital.com.br\/index.php?rest_route=%2Fwp%2Fv2%2Fcomments&post=218807"}],"version-history":[{"count":1,"href":"https:\/\/diarioregionaldigital.com.br\/index.php?rest_route=\/wp\/v2\/posts\/218807\/revisions"}],"predecessor-version":[{"id":218809,"href":"https:\/\/diarioregionaldigital.com.br\/index.php?rest_route=\/wp\/v2\/posts\/218807\/revisions\/218809"}],"wp:featuredmedia":[{"embeddable":true,"href":"https:\/\/diarioregionaldigital.com.br\/index.php?rest_route=\/wp\/v2\/media\/218808"}],"wp:attachment":[{"href":"https:\/\/diarioregionaldigital.com.br\/index.php?rest_route=%2Fwp%2Fv2%2Fmedia&parent=218807"}],"wp:term":[{"taxonomy":"category","embeddable":true,"href":"https:\/\/diarioregionaldigital.com.br\/index.php?rest_route=%2Fwp%2Fv2%2Fcategories&post=218807"},{"taxonomy":"post_tag","embeddable":true,"href":"https:\/\/diarioregionaldigital.com.br\/index.php?rest_route=%2Fwp%2Fv2%2Ftags&post=218807"}],"curies":[{"name":"wp","href":"https:\/\/api.w.org\/{rel}","templated":true}]}}