{"id":218804,"date":"2023-10-18T23:34:18","date_gmt":"2023-10-19T02:34:18","guid":{"rendered":"https:\/\/diarioregionaldigital.com.br\/?p=218804"},"modified":"2023-10-18T23:34:18","modified_gmt":"2023-10-19T02:34:18","slug":"workshop-debate-estrategias-de-implementacao-de-observatorio-da-cidadania-em-jf","status":"publish","type":"post","link":"https:\/\/diarioregionaldigital.com.br\/?p=218804","title":{"rendered":"Workshop debate estrat\u00e9gias de implementa\u00e7\u00e3o de Observat\u00f3rio da Cidadania em JF"},"content":{"rendered":"<p><span style=\"font-weight: 400;\">Segundo informa\u00e7\u00f5es do site da Prefeitura de Juiz de Fora (PJF), Pensando em contribuir para o Observat\u00f3rio da Cidadania que ser\u00e1 implementado no munic\u00edpio em 2024, a Secretaria de Planejamento do Territ\u00f3rio e Participa\u00e7\u00e3o Popular (Seppop), da Prefeitura de Juiz de Fora (PJF), realizou um workshop nesta ter\u00e7a-feira, 17, em formato h\u00edbrido, com as cidades de S\u00e3o Paulo, Belo Horizonte e o estado de Alagoas. A iniciativa objetiva a troca de informa\u00e7\u00f5es com os observat\u00f3rios j\u00e1 consolidados mostrando sua efetividade nestas cidades.<\/span><\/p>\n<p>&nbsp;<\/p>\n<p><span style=\"font-weight: 400;\">Conforme explica Pedro Patr\u00edcio, mediador do evento e Analista de Dados do ONU-Habitat, o intuito deste encontro \u00e9 compartilhar com servidores e gestores parceiros da Prefeitura, na constru\u00e7\u00e3o do Observat\u00f3rio da Cidadania JF, experi\u00eancias, que t\u00eam sido exemplos para a cidade. \u201cAbordamos a import\u00e2ncia de indicadores para o ciclo de pol\u00edticas p\u00fablicas, desde a concep\u00e7\u00e3o, e, passando pelo monitoramento e avalia\u00e7\u00e3o. Tamb\u00e9m \u00e9 importante destacar a participa\u00e7\u00e3o dos servidores na cria\u00e7\u00e3o e utiliza\u00e7\u00e3o desses instrumentos.\u201d<\/span><\/p>\n<p>&nbsp;<\/p>\n<p><span style=\"font-weight: 400;\">Durante o debate, os representantes das cidades convidadas puderam explanar sobre como alimentam o observat\u00f3rio, como utilizam os indicadores e bases e como elas se relacionam com os Objetivos de Desenvolvimento Sustent\u00e1vel (ODS).<\/span><\/p>\n<p>&nbsp;<\/p>\n<p><span style=\"font-weight: 400;\">Rodrigo Nunes, coordenador da equipe t\u00e9cnica multidisciplinar da Secretaria de Planejamento da Prefeitura de Belo Horizonte, explicou que \u201cem Belo Horizonte nos preocupamos menos em definir indicadores globais e mais como poder\u00edamos aproveitar os que j\u00e1 est\u00e1vamos usando nos nossos planos setoriais, como exemplo, a ODS 6, que fala sobre \u00e1gua pot\u00e1vel e saneamento. Os indicadores nascem ent\u00e3o com base naquilo que j\u00e1 est\u00e1vamos construindo.\u201d\u00a0 Explica.\u00a0<\/span><\/p>\n<p>&nbsp;<\/p>\n<p><span style=\"font-weight: 400;\">A cidade de S\u00e3o Paulo tamb\u00e9m j\u00e1 desenvolvia indicadores. Hoje existem mais de 600 deles. \u201cAqui j\u00e1 existia uma lei que garantia ao munic\u00edpio o dever de\u00a0 monitorar grandes \u00e1reas. Ent\u00e3o j\u00e1 us\u00e1vamos os indicadores mas n\u00e3o havia ainda o observat\u00f3rio\u201d, destacou Mar\u00edlia Roggero, coordenadora de Avalia\u00e7\u00e3o e Gest\u00e3o da Informa\u00e7\u00e3o na Secretaria Executiva de Planejamento e Entregas Priorit\u00e1rias. Ela tamb\u00e9m ressalta que \u201cem SP os servidores diretos s\u00e3o os mais indicados a analisar os dados e relev\u00e2ncia dos temas criados.\u201d<\/span><\/p>\n<p>&nbsp;<\/p>\n<p><span style=\"font-weight: 400;\">Como sugest\u00e3o para implementa\u00e7\u00e3o do Observat\u00f3rio em Juiz de fora, Alex Rosa, coordenador do programa ONU-Habitat em Alagoas, destacou o futuro promissor e chamou a aten\u00e7\u00e3o para um poss\u00edvel desafio. \u201cTemos transpar\u00eancia e a comunidade pode monitorar as a\u00e7\u00f5es que o governo executa. Este \u00e9 o futuro. Por\u00e9m, precisamos de avan\u00e7os na apresenta\u00e7\u00e3o dos dados \u00e0 popula\u00e7\u00e3o. Devemos pensar numa linguagem simples mas de forma mais palp\u00e1vel para o cidad\u00e3o comum. Existe a linguagem t\u00e9cnica mas precisa fazer sentido para todos.\u00a0 Creio que este \u00e9 um desafio cont\u00ednuo.\u201d<\/span><\/p>\n<p>&nbsp;<\/p>\n<p><span style=\"font-weight: 400;\">Os pr\u00f3ximos passos<\/span><\/p>\n<p>&nbsp;<\/p>\n<p><span style=\"font-weight: 400;\">O planejamento dos indicadores, a constru\u00e7\u00e3o da plataforma online e as novas oficinas com os servidores est\u00e3o dentro das pr\u00f3ximas a\u00e7\u00f5es da Seppop rumo \u00e0 solidifica\u00e7\u00e3o do Observat\u00f3rio.<\/span><\/p>\n<p>&nbsp;<\/p>\n<p><span style=\"font-weight: 400;\">Em setembro deste ano, o comit\u00ea gestor se reuniu para discutir os temas que ser\u00e3o pauta de pesquisas para o munic\u00edpio, que envolvem Seguran\u00e7a, Direitos Humanos, Zeladoria e Meio Ambiente para compor o observat\u00f3rio.<\/span><\/p>\n<p>&nbsp;<\/p>\n<p><span style=\"font-weight: 400;\">ODS<\/span><\/p>\n<p>&nbsp;<\/p>\n<p><span style=\"font-weight: 400;\">Em 2016, a ONU prop\u00f4s aos l\u00edderes mundiais 17 Objetivos de Desenvolvimento Sustent\u00e1vel (ODS) para que, coletivamente, fosse poss\u00edvel dissociar o crescimento econ\u00f4mico da pobreza, da desigualdade e das mudan\u00e7as clim\u00e1ticas. Para saber mais sobre as ODS acesse aqui.<\/span><\/p>\n<p>&nbsp;<\/p>\n","protected":false},"excerpt":{"rendered":"<p>Segundo informa\u00e7\u00f5es do site da Prefeitura de Juiz de Fora (PJF), Pensando em contribuir para o Observat\u00f3rio da Cidadania que ser\u00e1 implementado no munic\u00edpio em 2024, a Secretaria de Planejamento do Territ\u00f3rio e Participa\u00e7\u00e3o Popular (Seppop), da Prefeitura de Juiz de Fora (PJF), realizou um workshop nesta ter\u00e7a-feira, 17, em formato h\u00edbrido, com as cidades [&hellip;]<\/p>\n","protected":false},"author":246,"featured_media":218805,"comment_status":"closed","ping_status":"closed","sticky":false,"template":"","format":"standard","meta":{"footnotes":""},"categories":[253,436,440,439],"tags":[],"class_list":["post-218804","post","type-post","status-publish","format-standard","has-post-thumbnail","hentry","category-cidade","category-destaque-da-semana","category-destaques-do-dia","category-ultima-hora"],"_links":{"self":[{"href":"https:\/\/diarioregionaldigital.com.br\/index.php?rest_route=\/wp\/v2\/posts\/218804","targetHints":{"allow":["GET"]}}],"collection":[{"href":"https:\/\/diarioregionaldigital.com.br\/index.php?rest_route=\/wp\/v2\/posts"}],"about":[{"href":"https:\/\/diarioregionaldigital.com.br\/index.php?rest_route=\/wp\/v2\/types\/post"}],"author":[{"embeddable":true,"href":"https:\/\/diarioregionaldigital.com.br\/index.php?rest_route=\/wp\/v2\/users\/246"}],"replies":[{"embeddable":true,"href":"https:\/\/diarioregionaldigital.com.br\/index.php?rest_route=%2Fwp%2Fv2%2Fcomments&post=218804"}],"version-history":[{"count":1,"href":"https:\/\/diarioregionaldigital.com.br\/index.php?rest_route=\/wp\/v2\/posts\/218804\/revisions"}],"predecessor-version":[{"id":218806,"href":"https:\/\/diarioregionaldigital.com.br\/index.php?rest_route=\/wp\/v2\/posts\/218804\/revisions\/218806"}],"wp:featuredmedia":[{"embeddable":true,"href":"https:\/\/diarioregionaldigital.com.br\/index.php?rest_route=\/wp\/v2\/media\/218805"}],"wp:attachment":[{"href":"https:\/\/diarioregionaldigital.com.br\/index.php?rest_route=%2Fwp%2Fv2%2Fmedia&parent=218804"}],"wp:term":[{"taxonomy":"category","embeddable":true,"href":"https:\/\/diarioregionaldigital.com.br\/index.php?rest_route=%2Fwp%2Fv2%2Fcategories&post=218804"},{"taxonomy":"post_tag","embeddable":true,"href":"https:\/\/diarioregionaldigital.com.br\/index.php?rest_route=%2Fwp%2Fv2%2Ftags&post=218804"}],"curies":[{"name":"wp","href":"https:\/\/api.w.org\/{rel}","templated":true}]}}