{"id":218764,"date":"2023-10-17T23:11:25","date_gmt":"2023-10-18T02:11:25","guid":{"rendered":"https:\/\/diarioregionaldigital.com.br\/?p=218764"},"modified":"2023-10-17T23:11:25","modified_gmt":"2023-10-18T02:11:25","slug":"juiz-de-fora-sobe-15-posicoes-e-alcanca-melhor-resultado-em-ranking-de-formalizacao-de-empresas-dos-ultimos-anos","status":"publish","type":"post","link":"https:\/\/diarioregionaldigital.com.br\/?p=218764","title":{"rendered":"Juiz de Fora sobe 15 posi\u00e7\u00f5es e alcan\u00e7a melhor resultado em Ranking de Formaliza\u00e7\u00e3o de Empresas dos \u00faltimos anos"},"content":{"rendered":"<p>Segundo informa\u00e7\u00f5es do site da Prefeitura de Juiz de Fora (PJF), <span style=\"color: #333333; font-size: 16px;\">Juiz de Fora teve o melhor resultado no ranking\u00a0\u00a0de Formaliza\u00e7\u00e3o Municipal de Empresas desde a cria\u00e7\u00e3o da Sala do Empreendedor, em maio de 2021. O resultado, referente ao m\u00eas de setembro, foi divulgado pela Junta Comercial do Estado de Minas Gerais. Entre 853 munic\u00edpios, a cidade ocupa a 27\u00aa posi\u00e7\u00e3o do levantamento, 15 acima da registrada em agosto, 42\u00aa.<\/span><\/p>\n<div id=\"box_texto_noticia\">\n<div>O coordenador da Sala do Empreendedor, Jo\u00e3o Paulo Xavier Pires, destaca que o tempo de formaliza\u00e7\u00e3o de novos empreendimentos, que j\u00e1 levou mais de 48 horas antes da cria\u00e7\u00e3o da Sala, caiu, no \u00faltimo m\u00eas, para 13 horas e 50 minutos.<\/div>\n<div>O ranking considera o prazo m\u00e9dio de abertura de empresas e o quantitativo de empresas abertas no per\u00edodo, utilizando o tempo gasto para resposta da consulta de viabilidade, o tempo gasto pela Junta para o registro e libera\u00e7\u00e3o do CNPJ, bem como o prazo gasto pelo munic\u00edpio para libera\u00e7\u00e3o do alvar\u00e1.<\/p>\n<p>Veja o ranking em anexo.<\/p><\/div>\n<\/div>\n<p>&nbsp;<\/p>\n<div class=\"texto_anexo\"><img loading=\"lazy\" decoding=\"async\" src=\"https:\/\/www.pjf.mg.gov.br\/imagens\/clips.jpg\" width=\"22\" height=\"20\" \/>\u00a0<a href=\"https:\/\/www.pjf.mg.gov.br\/noticias\/anexo\/Ranking09-2023.pdf\" target=\"_blank\" rel=\"noopener\">Veja o anexo<\/a><\/div>\n","protected":false},"excerpt":{"rendered":"<p>Segundo informa\u00e7\u00f5es do site da Prefeitura de Juiz de Fora (PJF), Juiz de Fora teve o melhor resultado no ranking\u00a0\u00a0de Formaliza\u00e7\u00e3o Municipal de Empresas desde a cria\u00e7\u00e3o da Sala do Empreendedor, em maio de 2021. O resultado, referente ao m\u00eas de setembro, foi divulgado pela Junta Comercial do Estado de Minas Gerais. Entre 853 munic\u00edpios, [&hellip;]<\/p>\n","protected":false},"author":246,"featured_media":218765,"comment_status":"closed","ping_status":"closed","sticky":false,"template":"","format":"standard","meta":{"footnotes":""},"categories":[253,436,440,439],"tags":[],"class_list":["post-218764","post","type-post","status-publish","format-standard","has-post-thumbnail","hentry","category-cidade","category-destaque-da-semana","category-destaques-do-dia","category-ultima-hora"],"_links":{"self":[{"href":"https:\/\/diarioregionaldigital.com.br\/index.php?rest_route=\/wp\/v2\/posts\/218764","targetHints":{"allow":["GET"]}}],"collection":[{"href":"https:\/\/diarioregionaldigital.com.br\/index.php?rest_route=\/wp\/v2\/posts"}],"about":[{"href":"https:\/\/diarioregionaldigital.com.br\/index.php?rest_route=\/wp\/v2\/types\/post"}],"author":[{"embeddable":true,"href":"https:\/\/diarioregionaldigital.com.br\/index.php?rest_route=\/wp\/v2\/users\/246"}],"replies":[{"embeddable":true,"href":"https:\/\/diarioregionaldigital.com.br\/index.php?rest_route=%2Fwp%2Fv2%2Fcomments&post=218764"}],"version-history":[{"count":2,"href":"https:\/\/diarioregionaldigital.com.br\/index.php?rest_route=\/wp\/v2\/posts\/218764\/revisions"}],"predecessor-version":[{"id":218767,"href":"https:\/\/diarioregionaldigital.com.br\/index.php?rest_route=\/wp\/v2\/posts\/218764\/revisions\/218767"}],"wp:featuredmedia":[{"embeddable":true,"href":"https:\/\/diarioregionaldigital.com.br\/index.php?rest_route=\/wp\/v2\/media\/218765"}],"wp:attachment":[{"href":"https:\/\/diarioregionaldigital.com.br\/index.php?rest_route=%2Fwp%2Fv2%2Fmedia&parent=218764"}],"wp:term":[{"taxonomy":"category","embeddable":true,"href":"https:\/\/diarioregionaldigital.com.br\/index.php?rest_route=%2Fwp%2Fv2%2Fcategories&post=218764"},{"taxonomy":"post_tag","embeddable":true,"href":"https:\/\/diarioregionaldigital.com.br\/index.php?rest_route=%2Fwp%2Fv2%2Ftags&post=218764"}],"curies":[{"name":"wp","href":"https:\/\/api.w.org\/{rel}","templated":true}]}}