{"id":218761,"date":"2023-10-17T23:06:31","date_gmt":"2023-10-18T02:06:31","guid":{"rendered":"https:\/\/diarioregionaldigital.com.br\/?p=218761"},"modified":"2023-10-17T23:06:31","modified_gmt":"2023-10-18T02:06:31","slug":"com-final-em-barueri-palmeiras-e-sao-paulo-decidem-brasileirao-sub-17","status":"publish","type":"post","link":"https:\/\/diarioregionaldigital.com.br\/?p=218761","title":{"rendered":"Com final em Barueri, Palmeiras e S\u00e3o Paulo decidem Brasileir\u00e3o Sub-17"},"content":{"rendered":"<p>Palmeiras e S\u00e3o Paulo ir\u00e3o disputar o t\u00edtulo do Campeonato Brasileiro Sub-17, que ir\u00e1 ocorrer na Arena Barueri, em Barueri (SP), s\u00e1bado (21), \u00e0s 15h30. O confronto ser\u00e1 em jogo \u00fanico e, em caso de empate no tempo normal, a disputa por p\u00eanaltis definir\u00e1 o campe\u00e3o.<\/p>\n<p><strong>ATUAL CAMPE\u00c3O NA FINAL<\/strong><\/p>\n<p>Ap\u00f3s a vit\u00f3ria por 3 a 2 na primeira partida, a equipe alviverde voltou a vencer o Corinthians, desta vez por 2 a 1, na Arena Barueri, com gols de Estev\u00e3o e Luighi, convocados por Phelipe Leal para a Copa do Mundo Sub-17. Guilherme descontou para os alvinegros.<\/p>\n<p>Comandado pelo treinador Rafael Paiva, o Palmeiras vai em busca do bicampeonato consecutivo da competi\u00e7\u00e3o. Em 2022, o Verd\u00e3o levantou a ta\u00e7a contra o Gr\u00eamio com o placar de 2 a 1.<\/p>\n<p><strong>S\u00c3O PAULO EM BUSCA DO PRIMEIRO T\u00cdTULO<\/strong><\/p>\n<p>O S\u00e3o Paulo se garantiu na decis\u00e3o com o empate em 2 a 2 com o Flamengo, no Morumbi, e est\u00e1 pela primeira vez na final do Campeonato Brasileiro Sub-17. William Gomes marcou dois gola\u00e7os para a equipe mandante, que sofreu os tentos de Vitor (contra) e Lucyan do clube carioca.<\/p>\n<p>Pelo jogo de ida, o S\u00e3o Paulo, comandado pelo treinador Allan Barcellos, saiu vitorioso do Est\u00e1dio Raulino de Oliveira, em Volta Redonda (RJ), por 3 a 1.<\/p>\n<p><strong>CAMPANHA DAS EQUIPES<\/strong><\/p>\n<p>Agora na final, Palmeiras e S\u00e3o Paulo tiveram campanha id\u00eantica na primeira fase pelo Grupo A, com 22 pontos, e terminaram como l\u00edder e vice-l\u00edder, respectivamente. O Verd\u00e3o ficou \u00e0 frente em raz\u00e3o da vantagem no crit\u00e9rio de saldo de gols (14 a 11).<\/p>\n<p>Nas quartas de final, o chaveamento colocou o Fluminense no caminho do Palmeiras, que eliminou os cariocas com os resultados de 2 a 2 e 4 a 2. J\u00e1 o S\u00e3o Paulo superou o Internacional com os placares de 1 a 1 e 4 a 1.<\/p>\n<p>O S\u00e3o Paulo conta com Ryan Francisco, artilheiro da competi\u00e7\u00e3o com 14 gols, enquanto que o Palmeiras tem em Luighi e Erick seus principais goleadores, com cinco tentos cada.<\/p>\n<p><span style=\"font-weight: 400;\">Fonte: CBF<\/span><\/p>\n","protected":false},"excerpt":{"rendered":"<p>Palmeiras e S\u00e3o Paulo ir\u00e3o disputar o t\u00edtulo do Campeonato Brasileiro Sub-17, que ir\u00e1 ocorrer na Arena Barueri, em Barueri (SP), s\u00e1bado (21), \u00e0s 15h30. O confronto ser\u00e1 em jogo \u00fanico e, em caso de empate no tempo normal, a disputa por p\u00eanaltis definir\u00e1 o campe\u00e3o. ATUAL CAMPE\u00c3O NA FINAL Ap\u00f3s a vit\u00f3ria por 3 [&hellip;]<\/p>\n","protected":false},"author":246,"featured_media":218762,"comment_status":"closed","ping_status":"closed","sticky":false,"template":"","format":"standard","meta":{"footnotes":""},"categories":[436,257,439],"tags":[],"class_list":["post-218761","post","type-post","status-publish","format-standard","has-post-thumbnail","hentry","category-destaque-da-semana","category-esporte","category-ultima-hora"],"_links":{"self":[{"href":"https:\/\/diarioregionaldigital.com.br\/index.php?rest_route=\/wp\/v2\/posts\/218761","targetHints":{"allow":["GET"]}}],"collection":[{"href":"https:\/\/diarioregionaldigital.com.br\/index.php?rest_route=\/wp\/v2\/posts"}],"about":[{"href":"https:\/\/diarioregionaldigital.com.br\/index.php?rest_route=\/wp\/v2\/types\/post"}],"author":[{"embeddable":true,"href":"https:\/\/diarioregionaldigital.com.br\/index.php?rest_route=\/wp\/v2\/users\/246"}],"replies":[{"embeddable":true,"href":"https:\/\/diarioregionaldigital.com.br\/index.php?rest_route=%2Fwp%2Fv2%2Fcomments&post=218761"}],"version-history":[{"count":1,"href":"https:\/\/diarioregionaldigital.com.br\/index.php?rest_route=\/wp\/v2\/posts\/218761\/revisions"}],"predecessor-version":[{"id":218763,"href":"https:\/\/diarioregionaldigital.com.br\/index.php?rest_route=\/wp\/v2\/posts\/218761\/revisions\/218763"}],"wp:featuredmedia":[{"embeddable":true,"href":"https:\/\/diarioregionaldigital.com.br\/index.php?rest_route=\/wp\/v2\/media\/218762"}],"wp:attachment":[{"href":"https:\/\/diarioregionaldigital.com.br\/index.php?rest_route=%2Fwp%2Fv2%2Fmedia&parent=218761"}],"wp:term":[{"taxonomy":"category","embeddable":true,"href":"https:\/\/diarioregionaldigital.com.br\/index.php?rest_route=%2Fwp%2Fv2%2Fcategories&post=218761"},{"taxonomy":"post_tag","embeddable":true,"href":"https:\/\/diarioregionaldigital.com.br\/index.php?rest_route=%2Fwp%2Fv2%2Ftags&post=218761"}],"curies":[{"name":"wp","href":"https:\/\/api.w.org\/{rel}","templated":true}]}}