{"id":218750,"date":"2023-10-17T22:33:21","date_gmt":"2023-10-18T01:33:21","guid":{"rendered":"https:\/\/diarioregionaldigital.com.br\/?p=218750"},"modified":"2023-10-17T22:33:21","modified_gmt":"2023-10-18T01:33:21","slug":"brasil-tera-plano-nacional-de-protecao-e-defesa-civil-afirma-ministro","status":"publish","type":"post","link":"https:\/\/diarioregionaldigital.com.br\/?p=218750","title":{"rendered":"Brasil ter\u00e1 Plano Nacional de Prote\u00e7\u00e3o e Defesa Civil, afirma ministro"},"content":{"rendered":"<p>O ministro do Desenvolvimento Regional, Waldez G\u00f3es, disse nesta ter\u00e7a-feira (17) que o Brasil ter\u00e1, pela primeira vez, um Plano Nacional de Prote\u00e7\u00e3o e Defesa Civil. A proposta \u00e9 fortalecer o atual Sistema Nacional de Prote\u00e7\u00e3o e Defesa Civil para o enfrentamento de riscos e desastres no pa\u00eds. Durante audi\u00eancia p\u00fablica conjunta das comiss\u00f5es de Agricultura, Pecu\u00e1ria, Abastecimento e Desenvolvimento Rural; Ind\u00fastria, Com\u00e9rcio e Servi\u00e7os; Integra\u00e7\u00e3o Nacional e Desenvolvimento Regional da C\u00e2mara dos Deputados, o ministro destacou que o plano deve ser entregue em \u201cmeados do ano que vem\u201d.<img decoding=\"async\" src=\"https:\/\/agenciabrasil.ebc.com.br\/ebc.png?id=1561264&amp;o=node\" \/><img decoding=\"async\" src=\"https:\/\/agenciabrasil.ebc.com.br\/ebc.gif?id=1561264&amp;o=node\" \/><\/p>\n<p>\u201cFizemos a contrata\u00e7\u00e3o da Pont\u00edficia Universidade Cat\u00f3lica do Rio de Janeiro numa intermedia\u00e7\u00e3o com o Pnud [Programa das Na\u00e7\u00f5es Unidas para o Desenvolvimento] para elaborar o primeiro Plano Nacional de Prote\u00e7\u00e3o e Defesa Civil. Hoje, todos os estados est\u00e3o sendo ouvidos\u201d, disse G\u00f3es, ao debater junto aos parlamentares a situa\u00e7\u00e3o das enchentes no Rio Grande do Sul.<\/p>\n<p>\u201cO Brasil vai ter, pela primeira vez, um Plano Nacional de Prote\u00e7\u00e3o e Defesa Civil. Vamos entregar isso para o Brasil. Mas vamos entregar tamb\u00e9m com indicativos de que a pol\u00edtica precisa ser revista e de que o sistema tamb\u00e9m precisa ser melhor estruturado. Junto com isso, a gente est\u00e1 muito mobilizado para lan\u00e7ar um dos instrumentos mais modernos em termos de monitoramento e sistema de alarde, que os Estados Unidos j\u00e1 usam, que \u00e9 o CEO Broadcast.\u201d<\/p>\n<p>De acordo com o ministro, atualmente, 1.038 munic\u00edpios brasileiros se encontram em situa\u00e7\u00e3o de emerg\u00eancia \u2013 seja pelos temporais registrados no Sul do pa\u00eds, seja pela estiagem registrada no Norte. \u201cEstamos tentando construir, dentro do governo brasileiro, a possibilidade de defender, no Congresso Nacional, que, nos 1.038 munic\u00edpios hoje e em todos aqueles que se enquadrarem nesses crit\u00e9rios estabelecidos de situa\u00e7\u00e3o de emerg\u00eancia, a gente possa inverter a atua\u00e7\u00e3o da pol\u00edtica p\u00fablica de forma que a gente atue para retirar aquele munic\u00edpio da situa\u00e7\u00e3o de emerg\u00eancia\u201d.<\/p>\n<p><span style=\"font-weight: 400;\">Fonte: Ag\u00eancia Brasil <\/span><\/p>\n","protected":false},"excerpt":{"rendered":"<p>O ministro do Desenvolvimento Regional, Waldez G\u00f3es, disse nesta ter\u00e7a-feira (17) que o Brasil ter\u00e1, pela primeira vez, um Plano Nacional de Prote\u00e7\u00e3o e Defesa Civil. A proposta \u00e9 fortalecer o atual Sistema Nacional de Prote\u00e7\u00e3o e Defesa Civil para o enfrentamento de riscos e desastres no pa\u00eds. Durante audi\u00eancia p\u00fablica conjunta das comiss\u00f5es de [&hellip;]<\/p>\n","protected":false},"author":246,"featured_media":218751,"comment_status":"closed","ping_status":"closed","sticky":false,"template":"","format":"standard","meta":{"footnotes":""},"categories":[436,440,254,439],"tags":[],"class_list":["post-218750","post","type-post","status-publish","format-standard","has-post-thumbnail","hentry","category-destaque-da-semana","category-destaques-do-dia","category-politica","category-ultima-hora"],"_links":{"self":[{"href":"https:\/\/diarioregionaldigital.com.br\/index.php?rest_route=\/wp\/v2\/posts\/218750","targetHints":{"allow":["GET"]}}],"collection":[{"href":"https:\/\/diarioregionaldigital.com.br\/index.php?rest_route=\/wp\/v2\/posts"}],"about":[{"href":"https:\/\/diarioregionaldigital.com.br\/index.php?rest_route=\/wp\/v2\/types\/post"}],"author":[{"embeddable":true,"href":"https:\/\/diarioregionaldigital.com.br\/index.php?rest_route=\/wp\/v2\/users\/246"}],"replies":[{"embeddable":true,"href":"https:\/\/diarioregionaldigital.com.br\/index.php?rest_route=%2Fwp%2Fv2%2Fcomments&post=218750"}],"version-history":[{"count":1,"href":"https:\/\/diarioregionaldigital.com.br\/index.php?rest_route=\/wp\/v2\/posts\/218750\/revisions"}],"predecessor-version":[{"id":218752,"href":"https:\/\/diarioregionaldigital.com.br\/index.php?rest_route=\/wp\/v2\/posts\/218750\/revisions\/218752"}],"wp:featuredmedia":[{"embeddable":true,"href":"https:\/\/diarioregionaldigital.com.br\/index.php?rest_route=\/wp\/v2\/media\/218751"}],"wp:attachment":[{"href":"https:\/\/diarioregionaldigital.com.br\/index.php?rest_route=%2Fwp%2Fv2%2Fmedia&parent=218750"}],"wp:term":[{"taxonomy":"category","embeddable":true,"href":"https:\/\/diarioregionaldigital.com.br\/index.php?rest_route=%2Fwp%2Fv2%2Fcategories&post=218750"},{"taxonomy":"post_tag","embeddable":true,"href":"https:\/\/diarioregionaldigital.com.br\/index.php?rest_route=%2Fwp%2Fv2%2Ftags&post=218750"}],"curies":[{"name":"wp","href":"https:\/\/api.w.org\/{rel}","templated":true}]}}