{"id":218737,"date":"2023-10-17T06:00:11","date_gmt":"2023-10-17T09:00:11","guid":{"rendered":"https:\/\/diarioregionaldigital.com.br\/?p=218737"},"modified":"2023-10-17T15:06:26","modified_gmt":"2023-10-17T18:06:26","slug":"associacao-dos-proprietarios-do-alto-dos-pinheiros-convocacao-17-10-2023","status":"publish","type":"post","link":"https:\/\/diarioregionaldigital.com.br\/?p=218737","title":{"rendered":"Associa\u00e7\u00e3o dos Propriet\u00e1rios do Alto dos Pinheiros &#8211; Convoca\u00e7\u00e3o &#8211; 17\/10\/2023"},"content":{"rendered":"<p><img loading=\"lazy\" decoding=\"async\" class=\"aligncenter wp-image-218734\" src=\"https:\/\/diarioregionaldigital.com.br\/wp-content\/uploads\/2023\/10\/Edital-de-Convocacao-APAP-pdf-1-1-scaled.jpg\" alt=\"\" width=\"500\" height=\"683\" srcset=\"https:\/\/diarioregionaldigital.com.br\/wp-content\/uploads\/2023\/10\/Edital-de-Convocacao-APAP-pdf-1-1-scaled.jpg 1875w, https:\/\/diarioregionaldigital.com.br\/wp-content\/uploads\/2023\/10\/Edital-de-Convocacao-APAP-pdf-1-1-220x300.jpg 220w, https:\/\/diarioregionaldigital.com.br\/wp-content\/uploads\/2023\/10\/Edital-de-Convocacao-APAP-pdf-1-1-750x1024.jpg 750w, https:\/\/diarioregionaldigital.com.br\/wp-content\/uploads\/2023\/10\/Edital-de-Convocacao-APAP-pdf-1-1-768x1049.jpg 768w, https:\/\/diarioregionaldigital.com.br\/wp-content\/uploads\/2023\/10\/Edital-de-Convocacao-APAP-pdf-1-1-1125x1536.jpg 1125w, https:\/\/diarioregionaldigital.com.br\/wp-content\/uploads\/2023\/10\/Edital-de-Convocacao-APAP-pdf-1-1-1500x2048.jpg 1500w, https:\/\/diarioregionaldigital.com.br\/wp-content\/uploads\/2023\/10\/Edital-de-Convocacao-APAP-pdf-1-1-360x492.jpg 360w\" sizes=\"auto, (max-width: 500px) 100vw, 500px\" \/><\/p>\n","protected":false},"excerpt":{"rendered":"","protected":false},"author":96,"featured_media":0,"comment_status":"closed","ping_status":"closed","sticky":false,"template":"","format":"standard","meta":{"footnotes":""},"categories":[307],"tags":[],"class_list":["post-218737","post","type-post","status-publish","format-standard","hentry","category-editais"],"_links":{"self":[{"href":"https:\/\/diarioregionaldigital.com.br\/index.php?rest_route=\/wp\/v2\/posts\/218737","targetHints":{"allow":["GET"]}}],"collection":[{"href":"https:\/\/diarioregionaldigital.com.br\/index.php?rest_route=\/wp\/v2\/posts"}],"about":[{"href":"https:\/\/diarioregionaldigital.com.br\/index.php?rest_route=\/wp\/v2\/types\/post"}],"author":[{"embeddable":true,"href":"https:\/\/diarioregionaldigital.com.br\/index.php?rest_route=\/wp\/v2\/users\/96"}],"replies":[{"embeddable":true,"href":"https:\/\/diarioregionaldigital.com.br\/index.php?rest_route=%2Fwp%2Fv2%2Fcomments&post=218737"}],"version-history":[{"count":1,"href":"https:\/\/diarioregionaldigital.com.br\/index.php?rest_route=\/wp\/v2\/posts\/218737\/revisions"}],"predecessor-version":[{"id":218738,"href":"https:\/\/diarioregionaldigital.com.br\/index.php?rest_route=\/wp\/v2\/posts\/218737\/revisions\/218738"}],"wp:attachment":[{"href":"https:\/\/diarioregionaldigital.com.br\/index.php?rest_route=%2Fwp%2Fv2%2Fmedia&parent=218737"}],"wp:term":[{"taxonomy":"category","embeddable":true,"href":"https:\/\/diarioregionaldigital.com.br\/index.php?rest_route=%2Fwp%2Fv2%2Fcategories&post=218737"},{"taxonomy":"post_tag","embeddable":true,"href":"https:\/\/diarioregionaldigital.com.br\/index.php?rest_route=%2Fwp%2Fv2%2Ftags&post=218737"}],"curies":[{"name":"wp","href":"https:\/\/api.w.org\/{rel}","templated":true}]}}