{"id":218730,"date":"2023-10-17T06:00:13","date_gmt":"2023-10-17T09:00:13","guid":{"rendered":"https:\/\/diarioregionaldigital.com.br\/?p=218730"},"modified":"2023-10-17T15:01:47","modified_gmt":"2023-10-17T18:01:47","slug":"prefeitura-municipal-de-descoberto-contrato-no080-17-10-2023","status":"publish","type":"post","link":"https:\/\/diarioregionaldigital.com.br\/?p=218730","title":{"rendered":"Prefeitura Municipal de Descoberto &#8211; Contrato n\u00ba080 &#8211; 17\/10\/2023"},"content":{"rendered":"<p style=\"text-align: center;\"><strong>EXTRATO DE CONTRATO<\/strong><\/p>\n<p style=\"text-align: center;\">Pref. Municipal de Descoberto x Orly Ve\u00edculos e Pe\u00e7as S. A \u2013 Aquisi\u00e7\u00e3o de ambul\u00e2ncia simples remo\u00e7\u00e3o Tipo A para atendimento\u00a0 das demandas do Departamento Municipal de Sa\u00fade \u00a0\u2013 \u00a0Fundamento: Preg\u00e3o n\u00ba 026\/2023 &#8211; Valor Global: R$129.700,00 &#8211; Vig\u00eancia: 06 meses &#8211;\u00a0 Dot or\u00e7: 02.02005.10.301.0004.198-449052\/500 &#8211; \u00a0\u00a0Ass:16\/10\/2023 &#8211; Foro: S\u00e3o Jo\u00e3o Nepomuceno\/MG.<\/p>\n<p style=\"text-align: center;\"><strong>Marcos de Ara\u00fajo Lima<\/strong><\/p>\n<p style=\"text-align: center;\"><strong>Prefeito Municipal<\/strong><\/p>\n","protected":false},"excerpt":{"rendered":"<p>EXTRATO DE CONTRATO Pref. Municipal de Descoberto x Orly Ve\u00edculos e Pe\u00e7as S. A \u2013 Aquisi\u00e7\u00e3o de ambul\u00e2ncia simples remo\u00e7\u00e3o Tipo A para atendimento\u00a0 das demandas do Departamento Municipal de Sa\u00fade \u00a0\u2013 \u00a0Fundamento: Preg\u00e3o n\u00ba 026\/2023 &#8211; Valor Global: R$129.700,00 &#8211; Vig\u00eancia: 06 meses &#8211;\u00a0 Dot or\u00e7: 02.02005.10.301.0004.198-449052\/500 &#8211; \u00a0\u00a0Ass:16\/10\/2023 &#8211; Foro: S\u00e3o Jo\u00e3o Nepomuceno\/MG. [&hellip;]<\/p>\n","protected":false},"author":96,"featured_media":0,"comment_status":"closed","ping_status":"closed","sticky":false,"template":"","format":"standard","meta":{"footnotes":""},"categories":[307],"tags":[],"class_list":["post-218730","post","type-post","status-publish","format-standard","hentry","category-editais"],"_links":{"self":[{"href":"https:\/\/diarioregionaldigital.com.br\/index.php?rest_route=\/wp\/v2\/posts\/218730","targetHints":{"allow":["GET"]}}],"collection":[{"href":"https:\/\/diarioregionaldigital.com.br\/index.php?rest_route=\/wp\/v2\/posts"}],"about":[{"href":"https:\/\/diarioregionaldigital.com.br\/index.php?rest_route=\/wp\/v2\/types\/post"}],"author":[{"embeddable":true,"href":"https:\/\/diarioregionaldigital.com.br\/index.php?rest_route=\/wp\/v2\/users\/96"}],"replies":[{"embeddable":true,"href":"https:\/\/diarioregionaldigital.com.br\/index.php?rest_route=%2Fwp%2Fv2%2Fcomments&post=218730"}],"version-history":[{"count":1,"href":"https:\/\/diarioregionaldigital.com.br\/index.php?rest_route=\/wp\/v2\/posts\/218730\/revisions"}],"predecessor-version":[{"id":218731,"href":"https:\/\/diarioregionaldigital.com.br\/index.php?rest_route=\/wp\/v2\/posts\/218730\/revisions\/218731"}],"wp:attachment":[{"href":"https:\/\/diarioregionaldigital.com.br\/index.php?rest_route=%2Fwp%2Fv2%2Fmedia&parent=218730"}],"wp:term":[{"taxonomy":"category","embeddable":true,"href":"https:\/\/diarioregionaldigital.com.br\/index.php?rest_route=%2Fwp%2Fv2%2Fcategories&post=218730"},{"taxonomy":"post_tag","embeddable":true,"href":"https:\/\/diarioregionaldigital.com.br\/index.php?rest_route=%2Fwp%2Fv2%2Ftags&post=218730"}],"curies":[{"name":"wp","href":"https:\/\/api.w.org\/{rel}","templated":true}]}}