{"id":218727,"date":"2023-10-17T04:23:38","date_gmt":"2023-10-17T07:23:38","guid":{"rendered":"https:\/\/diarioregionaldigital.com.br\/?p=218727"},"modified":"2023-10-17T04:23:38","modified_gmt":"2023-10-17T07:23:38","slug":"prefeitura-realiza-acoes-preventivas-em-arvores-da-estrada-engenheiro-gentil-forn","status":"publish","type":"post","link":"https:\/\/diarioregionaldigital.com.br\/?p=218727","title":{"rendered":"Prefeitura realiza a\u00e7\u00f5es preventivas em \u00e1rvores da Estrada Engenheiro Gentil Forn"},"content":{"rendered":"<p>Segundo informa\u00e7\u00f5es do site da Prefeitura de Juiz de Fora (PJF), a Prefeitura de Juiz de Fora ir\u00e1 iniciar na manh\u00e3 desta ter\u00e7a-feira, 17, uma grande opera\u00e7\u00e3o que prev\u00ea a poda dr\u00e1stica e o corte de esp\u00e9cies com risco iminente de queda \u00e0s margens da Estrada Engenheiro Gentil Forn, nas \u00e1reas de propriedade do munic\u00edpio.<\/p>\n<div id=\"box_texto_noticia\">\n<p>&nbsp;<\/p>\n<p>Os trabalhos ser\u00e3o executados pela Empresa Municipal de Pavimenta\u00e7\u00e3o e Urbanidades (Empav) e contar\u00e3o com o apoio da Secretaria de Mobilidade Urbana (SMU). A expectativa \u00e9 que os servi\u00e7os sigam ao longo de todo o m\u00eas de outubro, at\u00e9 meados de novembro.\u00a0Para agilizar a interven\u00e7\u00e3o, tendo em vista que o per\u00edodo chuvoso j\u00e1 come\u00e7ou, todas as equipes de poda de \u00e1rvores da Empav, al\u00e9m de caminh\u00f5es e maquin\u00e1rios, estar\u00e3o empenhados na opera\u00e7\u00e3o.<\/p>\n<p><strong>Altera\u00e7\u00f5es no tr\u00e2nsito<\/strong><br \/>\nDurante a execu\u00e7\u00e3o dos trabalhos, o tr\u00e2nsito na Gentil Forn seguir\u00e1 em meia pista, sendo a de descida interditada durante o dia e a de subida dividida em duas m\u00e3os (subida e descida). Se poss\u00edvel, utilize rotas alternativas, j\u00e1 que o tr\u00e2nsito estar\u00e1 mais lento na regi\u00e3o.<\/p>\n<\/div>\n","protected":false},"excerpt":{"rendered":"<p>Segundo informa\u00e7\u00f5es do site da Prefeitura de Juiz de Fora (PJF), a Prefeitura de Juiz de Fora ir\u00e1 iniciar na manh\u00e3 desta ter\u00e7a-feira, 17, uma grande opera\u00e7\u00e3o que prev\u00ea a poda dr\u00e1stica e o corte de esp\u00e9cies com risco iminente de queda \u00e0s margens da Estrada Engenheiro Gentil Forn, nas \u00e1reas de propriedade do munic\u00edpio. [&hellip;]<\/p>\n","protected":false},"author":246,"featured_media":218728,"comment_status":"closed","ping_status":"closed","sticky":false,"template":"","format":"standard","meta":{"footnotes":""},"categories":[253,436,439],"tags":[],"class_list":["post-218727","post","type-post","status-publish","format-standard","has-post-thumbnail","hentry","category-cidade","category-destaque-da-semana","category-ultima-hora"],"_links":{"self":[{"href":"https:\/\/diarioregionaldigital.com.br\/index.php?rest_route=\/wp\/v2\/posts\/218727","targetHints":{"allow":["GET"]}}],"collection":[{"href":"https:\/\/diarioregionaldigital.com.br\/index.php?rest_route=\/wp\/v2\/posts"}],"about":[{"href":"https:\/\/diarioregionaldigital.com.br\/index.php?rest_route=\/wp\/v2\/types\/post"}],"author":[{"embeddable":true,"href":"https:\/\/diarioregionaldigital.com.br\/index.php?rest_route=\/wp\/v2\/users\/246"}],"replies":[{"embeddable":true,"href":"https:\/\/diarioregionaldigital.com.br\/index.php?rest_route=%2Fwp%2Fv2%2Fcomments&post=218727"}],"version-history":[{"count":1,"href":"https:\/\/diarioregionaldigital.com.br\/index.php?rest_route=\/wp\/v2\/posts\/218727\/revisions"}],"predecessor-version":[{"id":218729,"href":"https:\/\/diarioregionaldigital.com.br\/index.php?rest_route=\/wp\/v2\/posts\/218727\/revisions\/218729"}],"wp:featuredmedia":[{"embeddable":true,"href":"https:\/\/diarioregionaldigital.com.br\/index.php?rest_route=\/wp\/v2\/media\/218728"}],"wp:attachment":[{"href":"https:\/\/diarioregionaldigital.com.br\/index.php?rest_route=%2Fwp%2Fv2%2Fmedia&parent=218727"}],"wp:term":[{"taxonomy":"category","embeddable":true,"href":"https:\/\/diarioregionaldigital.com.br\/index.php?rest_route=%2Fwp%2Fv2%2Fcategories&post=218727"},{"taxonomy":"post_tag","embeddable":true,"href":"https:\/\/diarioregionaldigital.com.br\/index.php?rest_route=%2Fwp%2Fv2%2Ftags&post=218727"}],"curies":[{"name":"wp","href":"https:\/\/api.w.org\/{rel}","templated":true}]}}