{"id":218720,"date":"2023-10-17T04:07:24","date_gmt":"2023-10-17T07:07:24","guid":{"rendered":"https:\/\/diarioregionaldigital.com.br\/?p=218720"},"modified":"2023-10-17T04:07:24","modified_gmt":"2023-10-17T07:07:24","slug":"pan-americanos-brasileiros-comecam-a-entrar-na-vila-dos-atletas","status":"publish","type":"post","link":"https:\/\/diarioregionaldigital.com.br\/?p=218720","title":{"rendered":"Pan-Americanos: brasileiros come\u00e7am a entrar na Vila dos Atletas"},"content":{"rendered":"<p>O in\u00edcio dos Jogos Pan-Americanos est\u00e3o muito pr\u00f3ximos, pois a competi\u00e7\u00e3o realizada em Santiago (Chile) ter\u00e1 in\u00edcio na pr\u00f3xima sexta-feira (20). Com isso, os primeiros representantes do Brasil come\u00e7aram a ingressar, nesta segunda-feira (16), na Vila dos Atletas da competi\u00e7\u00e3o. E a primeira delega\u00e7\u00e3o a se instalar foi a de saltos ornamentais.<img decoding=\"async\" src=\"https:\/\/agenciabrasil.ebc.com.br\/ebc.png?id=1561098&amp;o=node\" \/><img decoding=\"async\" src=\"https:\/\/agenciabrasil.ebc.com.br\/ebc.gif?id=1561098&amp;o=node\" \/><\/p>\n<p>\u201cFoi incr\u00edvel a chegada na Vila. Tivemos uma reuni\u00e3o de boas-vindas com a equipe do COB, recebemos todas as informa\u00e7\u00f5es. Fomos os primeiros de toda a delega\u00e7\u00e3o brasileira a chegar, ent\u00e3o j\u00e1 conhecemos os quartos, come\u00e7amos a provar os uniformes. \u00c9 pouco tempo ainda, mas estamos adorando e agora \u00e9 iniciar os treinos\u201d, disse o saltador Rafael Foga\u00e7a, que, aos 19 anos, estreia em uma edi\u00e7\u00e3o de Pan-Americanos.<\/p>\n<p>Al\u00e9m de Foga\u00e7a, a equipe brasileira \u00e9 composta por outros oito saltadores: Anna L\u00facia dos Santos, Diogo Silva, Giovanna Pedroso, Ingrid Oliveira, Isaac Souza, Luana Lira, Rafael Max e Rebeca Santana. Ap\u00f3s realizar uma prepara\u00e7\u00e3o espec\u00edfica para a competi\u00e7\u00e3o em setembro, o grupo ainda ter\u00e1 ainda quatro dias de treinamentos no Centro Aqu\u00e1tico de Santiago at\u00e9 o in\u00edcio das disputas.<\/p>\n<p>Ingrid e Giovanna ser\u00e3o as respons\u00e1veis pela estreia brasileira na modalidade em Santiago, pois, a partir das 11h (hor\u00e1rio de Bras\u00edlia) de sexta, antes mesmo da Cerim\u00f4nia de Abertura oficial do Pan, elas participam das eliminat\u00f3rias da Plataforma de 10 metros individual.<\/p>\n<p>\u201cA expectativa \u00e9 muito boa para os Jogos Pan-Americanos. Nossa equipe tem uma mescla interessante de saltadores jovens e experientes. Dos nove classificados, cinco fazem sua estreia no Pan. Ao mesmo tempo, temos Giovanna, Ingrid e Isaac, que j\u00e1 medalharam em edi\u00e7\u00f5es anteriores. Ent\u00e3o, esperamos que alguns atletas aproveitem a oportunidade para se consolidarem na sele\u00e7\u00e3o e que o Brasil volte de Santiago com ao menos uma medalha, o que vem ocorrendo desde Santo Domingo 2003\u201d, afirma o chefe de equipe da modalidade, Hugo Parisi.<\/p>\n<p>Na hist\u00f3ria dos Jogos Pan-americanos, o Brasil possui oito medalhas nos saltos ornamentais: quatro pratas e quatro bronzes, todas de 2003 em diante.<\/p>\n<p><span style=\"font-weight: 400;\">Fonte: Ag\u00eancia Brasil <\/span><\/p>\n","protected":false},"excerpt":{"rendered":"<p>O in\u00edcio dos Jogos Pan-Americanos est\u00e3o muito pr\u00f3ximos, pois a competi\u00e7\u00e3o realizada em Santiago (Chile) ter\u00e1 in\u00edcio na pr\u00f3xima sexta-feira (20). Com isso, os primeiros representantes do Brasil come\u00e7aram a ingressar, nesta segunda-feira (16), na Vila dos Atletas da competi\u00e7\u00e3o. E a primeira delega\u00e7\u00e3o a se instalar foi a de saltos ornamentais. \u201cFoi incr\u00edvel a [&hellip;]<\/p>\n","protected":false},"author":246,"featured_media":218721,"comment_status":"closed","ping_status":"closed","sticky":false,"template":"","format":"standard","meta":{"footnotes":""},"categories":[436,257,439],"tags":[],"class_list":["post-218720","post","type-post","status-publish","format-standard","has-post-thumbnail","hentry","category-destaque-da-semana","category-esporte","category-ultima-hora"],"_links":{"self":[{"href":"https:\/\/diarioregionaldigital.com.br\/index.php?rest_route=\/wp\/v2\/posts\/218720","targetHints":{"allow":["GET"]}}],"collection":[{"href":"https:\/\/diarioregionaldigital.com.br\/index.php?rest_route=\/wp\/v2\/posts"}],"about":[{"href":"https:\/\/diarioregionaldigital.com.br\/index.php?rest_route=\/wp\/v2\/types\/post"}],"author":[{"embeddable":true,"href":"https:\/\/diarioregionaldigital.com.br\/index.php?rest_route=\/wp\/v2\/users\/246"}],"replies":[{"embeddable":true,"href":"https:\/\/diarioregionaldigital.com.br\/index.php?rest_route=%2Fwp%2Fv2%2Fcomments&post=218720"}],"version-history":[{"count":1,"href":"https:\/\/diarioregionaldigital.com.br\/index.php?rest_route=\/wp\/v2\/posts\/218720\/revisions"}],"predecessor-version":[{"id":218722,"href":"https:\/\/diarioregionaldigital.com.br\/index.php?rest_route=\/wp\/v2\/posts\/218720\/revisions\/218722"}],"wp:featuredmedia":[{"embeddable":true,"href":"https:\/\/diarioregionaldigital.com.br\/index.php?rest_route=\/wp\/v2\/media\/218721"}],"wp:attachment":[{"href":"https:\/\/diarioregionaldigital.com.br\/index.php?rest_route=%2Fwp%2Fv2%2Fmedia&parent=218720"}],"wp:term":[{"taxonomy":"category","embeddable":true,"href":"https:\/\/diarioregionaldigital.com.br\/index.php?rest_route=%2Fwp%2Fv2%2Fcategories&post=218720"},{"taxonomy":"post_tag","embeddable":true,"href":"https:\/\/diarioregionaldigital.com.br\/index.php?rest_route=%2Fwp%2Fv2%2Ftags&post=218720"}],"curies":[{"name":"wp","href":"https:\/\/api.w.org\/{rel}","templated":true}]}}