{"id":218707,"date":"2023-10-17T03:29:10","date_gmt":"2023-10-17T06:29:10","guid":{"rendered":"https:\/\/diarioregionaldigital.com.br\/?p=218707"},"modified":"2023-10-17T03:29:10","modified_gmt":"2023-10-17T06:29:10","slug":"dolar-cai-para-r-503-e-fecha-no-menor-valor-do-mes","status":"publish","type":"post","link":"https:\/\/diarioregionaldigital.com.br\/?p=218707","title":{"rendered":"D\u00f3lar cai para R$ 5,03 e fecha no menor valor do m\u00eas"},"content":{"rendered":"<p>Num dia de al\u00edvio no mercado internacional, o d\u00f3lar aproximou-se de R$ 5 e fechou no menor valor do m\u00eas. A bolsa de valores reverteu parte das perdas de sexta-feira (13), impulsionada pela entrada de capitais nos pa\u00edses emergentes.<img decoding=\"async\" src=\"https:\/\/agenciabrasil.ebc.com.br\/ebc.png?id=1561053&amp;o=node\" \/><img decoding=\"async\" src=\"https:\/\/agenciabrasil.ebc.com.br\/ebc.gif?id=1561053&amp;o=node\" \/><\/p>\n<p>O d\u00f3lar comercial encerrou esta segunda-feira (16) vendido a R$ 5,037, com queda de R$ 0,051 (-1,01%). A cota\u00e7\u00e3o operou pr\u00f3xima da estabilidade na abertura dos neg\u00f3cios, mas passou a despencar no fim da manh\u00e3, com o in\u00edcio das opera\u00e7\u00f5es do mercado norte-americano.<\/p>\n<p>Com o desempenho de hoje, a moeda norte-americana est\u00e1 no menor n\u00edvel desde 29 de setembro. A divisa, que chegou a R$ 5,17 h\u00e1 duas semanas, agora acumula alta de apenas 0,2% em outubro. Em 2023, o d\u00f3lar caiu 4,6%.<\/p>\n<p>No mercado de a\u00e7\u00f5es, o dia tamb\u00e9m foi marcado pela recupera\u00e7\u00e3o. O \u00edndice Ibovespa, da B3, fechou aos 116.534 pontos, com alta de 0,67%. O indicador ainda n\u00e3o recuperou os 117 mil pontos alcan\u00e7ados na \u00faltima quinta-feira (12), mas acumula alta de 2,07% desde o in\u00edcio da semana passada.<\/p>\n<p>O otimismo externo prevaleceu no mercado global. O Banco Central da China injetou dinheiro na segunda maior economia do planeta, o que elevou o pre\u00e7o de v\u00e1rias\u00a0<em>commodities<\/em>\u00a0met\u00e1licas, beneficiando pa\u00edses emergentes como o Brasil.<\/p>\n<p>Nos Estados Unidos, a perspectiva positiva com a divulga\u00e7\u00e3o de lucros de empresas impulsionou as bolsas de valores. Os juros de longo prazo dos t\u00edtulos do Tesouro norte-americano ca\u00edram, empurrando para baixo as taxas no mercado futuro brasileiro. Isso impulsionou a\u00e7\u00f5es de empresas varejistas no Brasil e fez o d\u00f3lar cair em todo o planeta.<\/p>\n<p>Apesar do agravamento do conflito entre Israel e o grupo palestino Hamas, o mercado financeiro ainda n\u00e3o sofreu turbul\u00eancias significativas porque a guerra, a menos que se alastre pelo Oriente M\u00e9dio, tem pequeno impacto na produ\u00e7\u00e3o de petr\u00f3leo.<\/p>\n<p>A\u00a0<strong>Ag\u00eancia Brasil<\/strong>\u00a0est\u00e1 publicando as mat\u00e9rias sobre o fechamento do mercado financeiro apenas em ocasi\u00f5es extraordin\u00e1rias. A cota\u00e7\u00e3o do d\u00f3lar e o n\u00edvel da bolsa de valores n\u00e3o s\u00e3o mais informados diariamente.<\/p>\n<p><span style=\"font-weight: 400;\">Fonte: Ag\u00eancia Brasil <\/span><\/p>\n","protected":false},"excerpt":{"rendered":"<p>Num dia de al\u00edvio no mercado internacional, o d\u00f3lar aproximou-se de R$ 5 e fechou no menor valor do m\u00eas. A bolsa de valores reverteu parte das perdas de sexta-feira (13), impulsionada pela entrada de capitais nos pa\u00edses emergentes. O d\u00f3lar comercial encerrou esta segunda-feira (16) vendido a R$ 5,037, com queda de R$ 0,051 [&hellip;]<\/p>\n","protected":false},"author":246,"featured_media":218708,"comment_status":"closed","ping_status":"closed","sticky":false,"template":"","format":"standard","meta":{"footnotes":""},"categories":[436,261,439],"tags":[],"class_list":["post-218707","post","type-post","status-publish","format-standard","has-post-thumbnail","hentry","category-destaque-da-semana","category-economia","category-ultima-hora"],"_links":{"self":[{"href":"https:\/\/diarioregionaldigital.com.br\/index.php?rest_route=\/wp\/v2\/posts\/218707","targetHints":{"allow":["GET"]}}],"collection":[{"href":"https:\/\/diarioregionaldigital.com.br\/index.php?rest_route=\/wp\/v2\/posts"}],"about":[{"href":"https:\/\/diarioregionaldigital.com.br\/index.php?rest_route=\/wp\/v2\/types\/post"}],"author":[{"embeddable":true,"href":"https:\/\/diarioregionaldigital.com.br\/index.php?rest_route=\/wp\/v2\/users\/246"}],"replies":[{"embeddable":true,"href":"https:\/\/diarioregionaldigital.com.br\/index.php?rest_route=%2Fwp%2Fv2%2Fcomments&post=218707"}],"version-history":[{"count":1,"href":"https:\/\/diarioregionaldigital.com.br\/index.php?rest_route=\/wp\/v2\/posts\/218707\/revisions"}],"predecessor-version":[{"id":218709,"href":"https:\/\/diarioregionaldigital.com.br\/index.php?rest_route=\/wp\/v2\/posts\/218707\/revisions\/218709"}],"wp:featuredmedia":[{"embeddable":true,"href":"https:\/\/diarioregionaldigital.com.br\/index.php?rest_route=\/wp\/v2\/media\/218708"}],"wp:attachment":[{"href":"https:\/\/diarioregionaldigital.com.br\/index.php?rest_route=%2Fwp%2Fv2%2Fmedia&parent=218707"}],"wp:term":[{"taxonomy":"category","embeddable":true,"href":"https:\/\/diarioregionaldigital.com.br\/index.php?rest_route=%2Fwp%2Fv2%2Fcategories&post=218707"},{"taxonomy":"post_tag","embeddable":true,"href":"https:\/\/diarioregionaldigital.com.br\/index.php?rest_route=%2Fwp%2Fv2%2Ftags&post=218707"}],"curies":[{"name":"wp","href":"https:\/\/api.w.org\/{rel}","templated":true}]}}