{"id":218695,"date":"2023-10-13T10:21:00","date_gmt":"2023-10-13T13:21:00","guid":{"rendered":"https:\/\/diarioregionaldigital.com.br\/?p=218695"},"modified":"2023-10-13T10:21:25","modified_gmt":"2023-10-13T13:21:25","slug":"mais-dois-editais-da-lei-paulo-gustavo-injetam-quase-4-milhoes-na-cultura-de-juiz-de-fora","status":"publish","type":"post","link":"https:\/\/diarioregionaldigital.com.br\/?p=218695","title":{"rendered":"Mais dois editais da Lei Paulo Gustavo injetam quase 4 milh\u00f5es na cultura de Juiz de Fora"},"content":{"rendered":"<p>Segundo informa\u00e7\u00f5es do site da Prefeitura de Juiz de Fora (PJF), os dois \u00faltimos editais da Lei Paulo Gustavo (LPG) foram liberados pela Prefeitura de Juiz de Fora (PJF) nesta\u00a0<a href=\"https:\/\/www.pjf.mg.gov.br\/e_atos\/e_atos.php\"><strong>quinta-feira, 12<\/strong><\/a>, totalizando um investimento de quase R$ 4 milh\u00f5es para financiamento de projetos art\u00edsticos e\u00a0culturais de fazedoras e fazedores de cultura residentes no munic\u00edpio. O Edital Audiovisual disponibiliza o montante de R$ 2.963.480,00 e o Edital Multicultural, destinado aos demais segmentos\u00a0da cultura, totaliza R$ 1.030.000,00. Em ambos, o per\u00edodo de inscri\u00e7\u00f5es vai de 16\u00a0a\u00a022\u00a0de outubro,\u00a0por meio da plataforma Prefeitura \u00c1gil.\u00a0A\u00a0distribui\u00e7\u00e3o dos recursos foi elaborada com base nas\u00a0consultas\u00a0p\u00fablicas realizadas pela\u00a0Funda\u00e7\u00e3o Cultural Alfredo Ferreira Lage\u00a0(Funalfa).<br \/>\nOs recursos da LPG s\u00e3o oriundos do Minist\u00e9rio da Cultura (MinC) e, na esfera local, o gerenciamento \u00e9 da PJF\/Funalfa.\u00a0Outros dois editais da Paulo Gustavo j\u00e1 foram lan\u00e7ados na cidade, sendo o primeiro destinado a compor um banco de pareceristas, profissionais que ser\u00e3o respons\u00e1veis por analisar os projetos inscritos nos demais editais, e o segundo voltado para premia\u00e7\u00e3o de Mestres e Mestras da Cultura Tradicional.\u00a0O investimento no primeiro edital foi de\u00a0at\u00e9\u00a0R$ 215.926,20, enquanto o segundo injetou na roda criativa de Juiz de Fora o montante de\u00a0at\u00e9\u00a0R$ 112.500,00<\/p>\n<p>Em rela\u00e7\u00e3o aos\u00a0editais\u00a0Audiovisual\u00a0e Multicultural,\u00a0a participa\u00e7\u00e3o \u00e9 aberta a:<br \/>\na) Pessoas f\u00edsicas com idade m\u00ednima de 18 anos;<\/p>\n<p>b) Coletivo cultural\u00a0ou\u00a0grupo\u00a0j\u00e1 existentes, sem CNPJ;<\/p>\n<p>c)\u00a0Microempreendedor Individual (MEI), com\u00a0Classifica\u00e7\u00e3o Nacional das Atividades Econ\u00f4micas\u00a0(CNAE)\u00a0que seja coerente ao objeto do projeto;<\/p>\n<p>d) Pessoa jur\u00eddica com fins lucrativos, com CNAE que seja coerente ao objeto\u00a0do projeto;<\/p>\n<p>e) Pessoa jur\u00eddica sem fins lucrativos, com CNAE que seja coerente ao objeto do projeto.<br \/>\nOs dois editais trabalham com\u00a0cotas \u00e9tnico-raciais, nas seguintes propor\u00e7\u00f5es: no m\u00ednimo,\u00a0at\u00e9\u00a020% das vagas\u00a0reservadas para\u00a0pessoas negras (pretas\/pardas)\u00a0e,\u00a0no m\u00ednimo,\u00a0at\u00e9\u00a010% das vagas\u00a0destinadas\u00a0a pessoas ind\u00edgenas, em todas as categorias do edital.<br \/>\nTodos os projetos devem prever medidas de acessibilidade,\u00a0al\u00e9m de contrapartida social.\u00a0No caso do Edital\u00a0Multicultural,\u00a0ser\u00e3o contemplados at\u00e9 40 projetos, com quatro valores: R$ 40 mil, R$ 30 mil, R$ 20 mil e R$ 13 mil. J\u00e1 no Edital Audiovisual,\u00a0as pessoas proponentes podem se inscrever em\u00a0tr\u00eas\u00a0categorias,\u00a0com valores diversos, discriminados no Edital:<br \/>\n1)\u00a0Apoio a produ\u00e7\u00e3o de obras audiovisuais<\/p>\n<p>2) Reforma, restauro, manuten\u00e7\u00e3o e funcionamento de salas de cinema, cinema de rua e cinema itinerante<\/p>\n<p>3) Apoio \u00e0 realiza\u00e7\u00e3o de a\u00e7\u00e3o de Forma\u00e7\u00e3o Audiovisual ou de Apoio a Cineclubes<br \/>\nA Lei Paulo Gustavo\u00a0viabilizou o maior investimento direto no setor cultural da hist\u00f3ria do Brasil e simboliza o processo de resist\u00eancia da comunidade art\u00edstica, duramente afetada pela pandemia de Covid-19, que limitou severamente as atividades do setor cultural. O nome da legisla\u00e7\u00e3o \u00e9 uma homenagem a Paulo Gustavo, artista s\u00edmbolo da categoria, vitimado pela doen\u00e7a<\/p>\n","protected":false},"excerpt":{"rendered":"<p>Segundo informa\u00e7\u00f5es do site da Prefeitura de Juiz de Fora (PJF), os dois \u00faltimos editais da Lei Paulo Gustavo (LPG) foram liberados pela Prefeitura de Juiz de Fora (PJF) nesta\u00a0quinta-feira, 12, totalizando um investimento de quase R$ 4 milh\u00f5es para financiamento de projetos art\u00edsticos e\u00a0culturais de fazedoras e fazedores de cultura residentes no munic\u00edpio. O [&hellip;]<\/p>\n","protected":false},"author":246,"featured_media":218696,"comment_status":"closed","ping_status":"closed","sticky":false,"template":"","format":"standard","meta":{"footnotes":""},"categories":[253,436,439],"tags":[],"class_list":["post-218695","post","type-post","status-publish","format-standard","has-post-thumbnail","hentry","category-cidade","category-destaque-da-semana","category-ultima-hora"],"_links":{"self":[{"href":"https:\/\/diarioregionaldigital.com.br\/index.php?rest_route=\/wp\/v2\/posts\/218695","targetHints":{"allow":["GET"]}}],"collection":[{"href":"https:\/\/diarioregionaldigital.com.br\/index.php?rest_route=\/wp\/v2\/posts"}],"about":[{"href":"https:\/\/diarioregionaldigital.com.br\/index.php?rest_route=\/wp\/v2\/types\/post"}],"author":[{"embeddable":true,"href":"https:\/\/diarioregionaldigital.com.br\/index.php?rest_route=\/wp\/v2\/users\/246"}],"replies":[{"embeddable":true,"href":"https:\/\/diarioregionaldigital.com.br\/index.php?rest_route=%2Fwp%2Fv2%2Fcomments&post=218695"}],"version-history":[{"count":1,"href":"https:\/\/diarioregionaldigital.com.br\/index.php?rest_route=\/wp\/v2\/posts\/218695\/revisions"}],"predecessor-version":[{"id":218697,"href":"https:\/\/diarioregionaldigital.com.br\/index.php?rest_route=\/wp\/v2\/posts\/218695\/revisions\/218697"}],"wp:featuredmedia":[{"embeddable":true,"href":"https:\/\/diarioregionaldigital.com.br\/index.php?rest_route=\/wp\/v2\/media\/218696"}],"wp:attachment":[{"href":"https:\/\/diarioregionaldigital.com.br\/index.php?rest_route=%2Fwp%2Fv2%2Fmedia&parent=218695"}],"wp:term":[{"taxonomy":"category","embeddable":true,"href":"https:\/\/diarioregionaldigital.com.br\/index.php?rest_route=%2Fwp%2Fv2%2Fcategories&post=218695"},{"taxonomy":"post_tag","embeddable":true,"href":"https:\/\/diarioregionaldigital.com.br\/index.php?rest_route=%2Fwp%2Fv2%2Ftags&post=218695"}],"curies":[{"name":"wp","href":"https:\/\/api.w.org\/{rel}","templated":true}]}}